{"id":6673,"date":"2023-12-24T12:16:19","date_gmt":"2023-12-24T12:16:19","guid":{"rendered":"https:\/\/used82.com\/?p=6673"},"modified":"2023-12-24T12:16:19","modified_gmt":"2023-12-24T12:16:19","slug":"autorit-ti-behet-testi-i-droges-gazetari-perplasja-e-djalit-te-gjyqtares-se-berishes-seshte-aksident-i-thjeshte","status":"publish","type":"post","link":"https:\/\/used82.com\/?p=6673","title":{"rendered":"\u201cAutorit t\u2019i b\u00ebhet testi i drog\u00ebs\u201d, gazetari: P\u00ebrplasja e djalit t\u00eb gjyqtares s\u00eb Berish\u00ebs s\u2019\u00ebsht\u00eb aksident i thjesht\u00eb"},"content":{"rendered":"<p>Eskorta e Gard\u00ebs s\u00eb Republik\u00ebs, q\u00eb shoq\u00ebronte djalin e gjytares s\u00eb GJKKO Irena Gjoka, u p\u00ebrfshi mbr\u00ebmjen e t\u00eb premtes n\u00eb nj\u00eb aksident, ku u p\u00ebrplas nga makin\u00eb e patrull\u00ebs s\u00eb policis\u00eb rrugore.<\/p>\n<p>N\u00eb misionin \u201cReview\u201d, Ferdinand Dervishi tha se ngjarja nuk mund t\u00eb shihet si nj\u00eb aksident i thjesht\u00eb dhe apeloi q\u00eb efektivit t\u2019i b\u00ebhet testi i drog\u00ebs.<\/p>\n<p>Gazetari theksoi se n\u00eb baz\u00eb t\u00eb informacioneve q\u00eb ka, jan\u00eb shum\u00eb efektiv\u00eb t\u00eb policis\u00eb rrugore q\u00eb konsumojn\u00eb l\u00ebnd\u00eb narkotike.<\/p>\n<p>\u201cUn\u00eb shof t\u00eb shtuara makina t\u00eb shtrenjta me fenerlina q\u00eb nuk kan\u00eb lidhje me k\u00ebto fenerlina. I mbajn\u00eb t\u00eb pautorizuar dhe un\u00eb besoj se aty mund t\u00eb gjesh djalin e ministrit, v\u00ebllan\u00eb, ndonj\u00eb kriminel, apo ndonj\u00eb nd\u00ebrtues q\u00eb \u00ebsht\u00eb mir\u00eb t\u2019i shmang\u00ebsh.<\/p>\n<p>Mendoj se sipas informacioneve q\u00eb kam k\u00ebta polic\u00ebt e qarkullimit rrugor jan\u00eb pak mallista. Do i b\u00ebr\u00eb nj\u00eb test atij policit. Ai gabim nuk duhet t\u00eb shihet aq thjesht.<\/p>\n<p>P\u00ebr rastin e incidentit do thoja k\u00ebt\u00eb, ai ishte polic i qarkullimit rrugor, vet\u00ebm ai nuk mund ta b\u00ebnte at\u00eb gabim\u201d, tha Dervishi.<\/p>\n<p>Si drejtuese e Gjykat\u00ebs s\u00eb Posa\u00e7me, Irena Gjoka ka pasur mbrojtje nga Garada, nd\u00ebrkoh\u00eb numri i efektiv\u00ebve q\u00eb e ruajn\u00eb, at\u00eb dhe familjen, i ishte shtuar q\u00eb pas vendimit dh\u00ebnies s\u00eb mas\u00ebs s\u00eb siguris\u00eb \u201cDetyrim paraqitje\u201d p\u00ebr Sali Berish\u00ebn.<\/p>\n","protected":false},"excerpt":{"rendered":"<p>Eskorta e Gard\u00ebs s\u00eb Republik\u00ebs, q\u00eb shoq\u00ebronte djalin e gjytares s\u00eb GJKKO Irena Gjoka, u&#8230;<\/p>\n","protected":false},"author":1,"featured_media":0,"comment_status":"open","ping_status":"open","sticky":false,"template":"","format":"standard","meta":{"om_disable_all_campaigns":false,"_monsterinsights_skip_tracking":false,"_monsterinsights_sitenote_active":false,"_monsterinsights_sitenote_note":"","_monsterinsights_sitenote_category":0,"_uf_show_specific_survey":0,"_uf_disable_surveys":false,"footnotes":""},"categories":[1],"tags":[],"class_list":["post-6673","post","type-post","status-publish","format-standard","hentry","category-uncategorized"],"aioseo_notices":[],"views":19,"_links":{"self":[{"href":"https:\/\/used82.com\/index.php?rest_route=\/wp\/v2\/posts\/6673","targetHints":{"allow":["GET"]}}],"collection":[{"href":"https:\/\/used82.com\/index.php?rest_route=\/wp\/v2\/posts"}],"about":[{"href":"https:\/\/used82.com\/index.php?rest_route=\/wp\/v2\/types\/post"}],"author":[{"embeddable":true,"href":"https:\/\/used82.com\/index.php?rest_route=\/wp\/v2\/users\/1"}],"replies":[{"embeddable":true,"href":"https:\/\/used82.com\/index.php?rest_route=%2Fwp%2Fv2%2Fcomments&post=6673"}],"version-history":[{"count":0,"href":"https:\/\/used82.com\/index.php?rest_route=\/wp\/v2\/posts\/6673\/revisions"}],"wp:attachment":[{"href":"https:\/\/used82.com\/index.php?rest_route=%2Fwp%2Fv2%2Fmedia&parent=6673"}],"wp:term":[{"taxonomy":"category","embeddable":true,"href":"https:\/\/used82.com\/index.php?rest_route=%2Fwp%2Fv2%2Fcategories&post=6673"},{"taxonomy":"post_tag","embeddable":true,"href":"https:\/\/used82.com\/index.php?rest_route=%2Fwp%2Fv2%2Ftags&post=6673"}],"curies":[{"name":"wp","href":"https:\/\/api.w.org\/{rel}","templated":true}]}}