{"id":6676,"date":"2023-12-24T14:36:21","date_gmt":"2023-12-24T14:36:21","guid":{"rendered":"https:\/\/used82.com\/?p=6676"},"modified":"2023-12-24T14:36:21","modified_gmt":"2023-12-24T14:36:21","slug":"kapen-pajisje-te-dyshuara-ushtarake-ne-autobusin-me-targa-te-huaja-ne-merdare","status":"publish","type":"post","link":"https:\/\/used82.com\/?p=6676","title":{"rendered":"Kapen pajisje t\u00eb dyshuara ushtarake n\u00eb autobusin me targa t\u00eb huaja n\u00eb Merdare"},"content":{"rendered":"<p><strong>Sot Policia e Kosov\u00ebs gjat\u00eb kontrollimit n\u00eb bagazhin e nj\u00eb autobusi me targa t\u00eb huaja n\u00eb Merdare, ka hasur n\u00eb disa pajisje t\u00eb dyshuara ushtarake n\u00eb valixhen e nj\u00eb pasagjeri.<\/strong><\/p>\n<p>Policia ka gjetur: 3 thika luftarake, 2 radiolidhje-motorola, nj\u00eb \u00e7ant\u00eb ushtarake, nj\u00eb jelek taktik, nj\u00eb pal\u00eb doreza, nj\u00eb helmet\u00eb taktike, 3 bateria, 2 k\u00ebll\u00ebf p\u00ebr revole, nj\u00eb imtim i predh\u00ebs, etj.<\/p>\n<p>Lidhur me rastin \u00ebsht\u00eb njoftuar Prokurori kompetente dhe me autorizim t\u00eb tij \u00ebsht\u00eb iniciuar rasti \u201cimport , eksport, furnizim, prodhim, k\u00ebmbim, nd\u00ebrmjet\u00ebsim ose shitje e paautorizuara e arm\u00ebve\u201d.<\/p>\n<p>\u201cPajisjet e lartcekura jan\u00eb sekuestruar dhe me vendim t\u00eb Prokurorit kompetent i dyshuari lirohet n\u00eb procedur\u00eb t\u00eb rregullt\u00eb. Hetimet lidhur me rastin mbeten n\u00eb proces nga autoritetet kompetente\u201d, thuhet n\u00eb njoftim.<\/p>\n<figure class=\"wp-block-image size-full is-resized\"><img loading=\"lazy\" decoding=\"async\" class=\"wp-image-1729281\" src=\"https:\/\/insajderi.org\/wp-content\/uploads\/2023\/12\/E9BBC5C3-5242-46A6-8339-8B76A9E41B31.jpeg\" sizes=\"auto, (max-width: 1152px) 100vw, 1152px\" srcset=\"https:\/\/insajderi.org\/wp-content\/uploads\/2023\/12\/E9BBC5C3-5242-46A6-8339-8B76A9E41B31.jpeg 1152w, https:\/\/insajderi.org\/wp-content\/uploads\/2023\/12\/E9BBC5C3-5242-46A6-8339-8B76A9E41B31-768x1024.jpeg 768w\" alt=\"\" width=\"1152\" height=\"1536\" \/><\/figure>\n<p>\u201cPrioritet i organeve kompetente t\u00eb siguris\u00eb mbetet ruajtja e rendit dhe siguris\u00eb, si dhe garantimi i l\u00ebvizje s\u00eb lir\u00eb p\u00ebr t\u00eb gjith\u00eb njer\u00ebzit pa dallim\u201d, thuhet n\u00eb njoftim.<\/p>\n","protected":false},"excerpt":{"rendered":"<p>Sot Policia e Kosov\u00ebs gjat\u00eb kontrollimit n\u00eb bagazhin e nj\u00eb autobusi me targa t\u00eb huaja&#8230;<\/p>\n","protected":false},"author":1,"featured_media":0,"comment_status":"open","ping_status":"open","sticky":false,"template":"","format":"standard","meta":{"om_disable_all_campaigns":false,"_monsterinsights_skip_tracking":false,"_monsterinsights_sitenote_active":false,"_monsterinsights_sitenote_note":"","_monsterinsights_sitenote_category":0,"_uf_show_specific_survey":0,"_uf_disable_surveys":false,"footnotes":""},"categories":[1],"tags":[],"class_list":["post-6676","post","type-post","status-publish","format-standard","hentry","category-uncategorized"],"aioseo_notices":[],"views":49,"_links":{"self":[{"href":"https:\/\/used82.com\/index.php?rest_route=\/wp\/v2\/posts\/6676","targetHints":{"allow":["GET"]}}],"collection":[{"href":"https:\/\/used82.com\/index.php?rest_route=\/wp\/v2\/posts"}],"about":[{"href":"https:\/\/used82.com\/index.php?rest_route=\/wp\/v2\/types\/post"}],"author":[{"embeddable":true,"href":"https:\/\/used82.com\/index.php?rest_route=\/wp\/v2\/users\/1"}],"replies":[{"embeddable":true,"href":"https:\/\/used82.com\/index.php?rest_route=%2Fwp%2Fv2%2Fcomments&post=6676"}],"version-history":[{"count":0,"href":"https:\/\/used82.com\/index.php?rest_route=\/wp\/v2\/posts\/6676\/revisions"}],"wp:attachment":[{"href":"https:\/\/used82.com\/index.php?rest_route=%2Fwp%2Fv2%2Fmedia&parent=6676"}],"wp:term":[{"taxonomy":"category","embeddable":true,"href":"https:\/\/used82.com\/index.php?rest_route=%2Fwp%2Fv2%2Fcategories&post=6676"},{"taxonomy":"post_tag","embeddable":true,"href":"https:\/\/used82.com\/index.php?rest_route=%2Fwp%2Fv2%2Ftags&post=6676"}],"curies":[{"name":"wp","href":"https:\/\/api.w.org\/{rel}","templated":true}]}}