{"id":6680,"date":"2023-12-24T14:39:31","date_gmt":"2023-12-24T14:39:31","guid":{"rendered":"https:\/\/used82.com\/?p=6680"},"modified":"2023-12-24T14:39:31","modified_gmt":"2023-12-24T14:39:31","slug":"sdu-me-ia-pa-syte-eshte-martu-me-nje-cike-sa-une-edona-james-flet-per-babain-e-saj","status":"publish","type":"post","link":"https:\/\/used82.com\/?p=6680","title":{"rendered":"\u201cS\u2019du me ia pa syt\u00eb, \u00ebsht\u00eb martu me nj\u00eb \u00e7ik\u00eb sa un\u00eb\u201d- Edona James flet p\u00ebr babain e saj"},"content":{"rendered":"<p><strong>Edona James i \u00ebsht\u00eb rr\u00ebfyer banor\u00ebve, Ardit dhe Mirdonit n\u00eb dhom\u00ebn e gjumit, p\u00ebr eksperiencat e saj gjat\u00eb udh\u00ebtimin drejt nd\u00ebrrimit t\u00eb gjinis\u00eb.<\/strong><\/p>\n<p>Gjat\u00eb rr\u00ebfimit t\u00eb saj, ajo nuk ka hezituar t\u00eb flas\u00eb edhe p\u00ebr marr\u00ebdh\u00ebnien e v\u00ebshtir\u00eb me babain e saj si shkak i k\u00ebsaj.<\/p>\n<p>Edona tregon se kishte filluar procedur\u00ebn e nd\u00ebrrimit t\u00eb gjinis\u00eb q\u00eb n\u00eb mosh\u00ebn 13-vje\u00e7are dhe m\u00eb pas iu kishte n\u00ebnshkruar operacionit t\u00eb par\u00eb n\u00eb mosh\u00ebn 17-vje\u00e7are.<\/p>\n<p>\u201cBab\u00ebs nuk i ka interesu kurr\u00eb. Tash \u00ebsht\u00eb martu nj\u00eb \u00e7ik\u00eb sa un\u00eb, dhe ka f\u00ebmij\u00eb m\u00eb t\u00eb\u201d, ka th\u00ebn\u00eb banorja e Big Brother.<\/p>\n<p>\u201cPo, un\u00eb s\u2019du me ia pa syt\u00eb, se nuk \u00ebsht\u00eb baba jem. S\u2019m\u00eb mungon baba, s\u2019e kam dit\u00eb kurr\u00eb \u00e7ka \u00ebsht\u00eb baba. S\u2019\u00ebsht\u00eb baba jem, i ka f\u00ebmij\u00ebt e vet ai, le t\u00eb k\u00ebnaqet, un\u00eb e kam nan\u00ebn\u201d.<\/p>\n<figure class=\"wp-block-embed is-type-video is-provider-youtube wp-block-embed-youtube wp-embed-aspect-16-9 wp-has-aspect-ratio\">\n<div class=\"wp-block-embed__wrapper\"><iframe loading=\"lazy\" title=\"Edona flet p\u00ebr tranzicionin e saj - Big Brother VIP Kosova\" src=\"https:\/\/www.youtube.com\/embed\/cQihVpqkxDg?feature=oembed\" width=\"640\" height=\"360\" frameborder=\"0\" allowfullscreen=\"allowfullscreen\" data-mce-fragment=\"1\"><\/iframe><\/div>\n<\/figure>\n","protected":false},"excerpt":{"rendered":"<p>Edona James i \u00ebsht\u00eb rr\u00ebfyer banor\u00ebve, Ardit dhe Mirdonit n\u00eb dhom\u00ebn e gjumit, p\u00ebr eksperiencat&#8230;<\/p>\n","protected":false},"author":1,"featured_media":0,"comment_status":"open","ping_status":"open","sticky":false,"template":"","format":"standard","meta":{"om_disable_all_campaigns":false,"_monsterinsights_skip_tracking":false,"_monsterinsights_sitenote_active":false,"_monsterinsights_sitenote_note":"","_monsterinsights_sitenote_category":0,"_uf_show_specific_survey":0,"_uf_disable_surveys":false,"footnotes":""},"categories":[1],"tags":[],"class_list":["post-6680","post","type-post","status-publish","format-standard","hentry","category-uncategorized"],"aioseo_notices":[],"views":18,"_links":{"self":[{"href":"https:\/\/used82.com\/index.php?rest_route=\/wp\/v2\/posts\/6680","targetHints":{"allow":["GET"]}}],"collection":[{"href":"https:\/\/used82.com\/index.php?rest_route=\/wp\/v2\/posts"}],"about":[{"href":"https:\/\/used82.com\/index.php?rest_route=\/wp\/v2\/types\/post"}],"author":[{"embeddable":true,"href":"https:\/\/used82.com\/index.php?rest_route=\/wp\/v2\/users\/1"}],"replies":[{"embeddable":true,"href":"https:\/\/used82.com\/index.php?rest_route=%2Fwp%2Fv2%2Fcomments&post=6680"}],"version-history":[{"count":0,"href":"https:\/\/used82.com\/index.php?rest_route=\/wp\/v2\/posts\/6680\/revisions"}],"wp:attachment":[{"href":"https:\/\/used82.com\/index.php?rest_route=%2Fwp%2Fv2%2Fmedia&parent=6680"}],"wp:term":[{"taxonomy":"category","embeddable":true,"href":"https:\/\/used82.com\/index.php?rest_route=%2Fwp%2Fv2%2Fcategories&post=6680"},{"taxonomy":"post_tag","embeddable":true,"href":"https:\/\/used82.com\/index.php?rest_route=%2Fwp%2Fv2%2Ftags&post=6680"}],"curies":[{"name":"wp","href":"https:\/\/api.w.org\/{rel}","templated":true}]}}