{"id":6684,"date":"2023-12-24T14:43:16","date_gmt":"2023-12-24T14:43:16","guid":{"rendered":"https:\/\/used82.com\/?p=6684"},"modified":"2023-12-24T14:43:16","modified_gmt":"2023-12-24T14:43:16","slug":"vuciq-serbia-se-njeh-dhe-sdo-ta-njohe-kosoven","status":"publish","type":"post","link":"https:\/\/used82.com\/?p=6684","title":{"rendered":"Vu\u00e7iq: Serbia s\u2019e njeh dhe s\u2019do ta njoh\u00eb Kosov\u00ebn"},"content":{"rendered":"<p>Presidenti i Serbis\u00eb, Aleksandar Vu\u00e7iq, ka deklaruar se \u201cSerbia s\u2019e njeh dhe s\u2019do ta njoh\u00eb pavar\u00ebsin\u00eb e Kosov\u00ebs\u201d.<\/p>\n<p>Ai po ashtu tha se Serbia s\u2019do ta pranoj\u00eb asnj\u00eb dokument i cili e detyron q\u00eb ta ndihmoj\u00eb Kosov\u00ebn t\u00eb an\u00ebtar\u00ebsohet n\u00eb Kombet e Bashkuara, organizatat, institucionet dhe agjencit\u00eb e OKB-s\u00eb.<\/p>\n<div class=\"mobile-show-more\">\n<p>Vu\u00e7iq gjat\u00eb konferenc\u00eb p\u00ebr media ka th\u00ebn\u00eb po ashtu se kryeministri i Kosov\u00ebs, \u201cAlbin Kurti s\u2019d\u00ebshiron t\u00eb zbatoj\u00eb asnj\u00eb marr\u00ebveshje dhe se ai do q\u00eb Serbia t\u2019i zbatoj\u00eb ato q\u00eb ka th\u00ebn\u00eb\u201d.<\/p>\n<p>\u201cSerbia do t\u00eb zbatoj\u00eb gjith\u00e7ka q\u00eb ka th\u00ebn\u00eb, pra n\u00eb m\u00ebnyr\u00eb t\u00eb denj\u00eb, n\u00eb m\u00ebnyr\u00eb korrekte, por presim po ashtu q\u00eb t\u00eb formohet AKS-ja. Sa i p\u00ebrket gj\u00ebrave t\u00eb ndryshme q\u00eb kemi b\u00ebr\u00eb tashm\u00eb, nga let\u00ebrnjoftimet e deri te targat, e \u00e7do gj\u00eb tjet\u00ebr, gjithmon\u00eb jemi p\u00ebrpjekur q\u00eb t\u00eb arrijm\u00eb nj\u00eb kompromis. Ne do t\u00eb b\u00ebjm\u00eb maksimumin n\u00eb t\u00eb ardhmen. Dhe ne gjithmon\u00eb kemi th\u00ebn\u00eb se jemi p\u00ebr nj\u00eb Ballkan t\u00eb hapur, se nuk kemi asnj\u00eb problem me k\u00ebt\u00eb, por gjithmon\u00eb do t\u00eb vendosim \u2018disclaimer\u2019, q\u00eb do t\u2019ua b\u00ebjn\u00eb t\u00eb qart\u00eb t\u00eb gjith\u00ebve se Serbia s\u2019e njeh pavar\u00ebsin\u00eb e Kosov\u00ebs. Po e p\u00ebrs\u00ebris se Serbia nuk e njeh pavar\u00ebsin\u00eb e Kosov\u00ebs dhe nuk do ta njoh\u00eb pavar\u00ebsin\u00eb e Kosov\u00ebs\u201d, tha Vu\u00e7iq, raporton \u201cRTS\u201d.<\/p>\n<p>Ai ka insistuar se Serbia nuk do t\u00eb pranoj\u00eb detyrim p\u00ebr ta mb\u00ebshtetur Kosov\u00ebn n\u00eb an\u00ebtar\u00ebsim n\u00eb organizata nd\u00ebrkomb\u00ebtare.<\/p>\n<p>\u201cAs n\u00eb afat t\u00eb gjat\u00eb dhe as n\u00eb at\u00eb t\u00eb shkurt\u00ebr, s\u2019do t\u00eb pranojm\u00eb detyrim t\u00eb till\u00eb. Pres q\u00eb n\u00eb janar t\u00eb hapet nj\u00eb polemik\u00eb e gjer\u00eb dhe sigurisht se nuk do t\u00eb jen\u00eb gj\u00ebra t\u00eb thjeshta\u201d, ka th\u00ebn\u00eb Vu\u00e7iq.<\/p>\n<p>Vu\u00e7iq po ashtu ka folur p\u00ebr sulmin terrorist n\u00eb Banjsk\u00eb m\u00eb 24 shtator ku u vra zyrtari policor Afrim Bunjaku. N\u00eb at\u00eb sulm u vran\u00eb edhe tre prej sulmuesve.<\/p>\n<p>\u201cPrishtina vazhdon t\u2019i fsheh\u00eb gjetjet e autopsis\u00eb s\u00eb Stefan Nedeljkoviqit, Igor Milenkoviqit dhe Bojan Mijailoviqit. Ne i kemi lutur ata pafund\u00ebsisht. P\u00ebr ne, k\u00ebta jan\u00eb njer\u00ebz. Dhe ne do t\u00eb vazhdojm\u00eb t\u00eb k\u00ebrkojm\u00eb t\u00eb hetojm\u00eb se si dhe pse u vran\u00eb n\u00eb gjakftoht\u00ebsi\u201d, tha Vu\u00e7iq.<\/p>\n<\/div>\n","protected":false},"excerpt":{"rendered":"<p>Presidenti i Serbis\u00eb, Aleksandar Vu\u00e7iq, ka deklaruar se \u201cSerbia s\u2019e njeh dhe s\u2019do ta njoh\u00eb&#8230;<\/p>\n","protected":false},"author":1,"featured_media":0,"comment_status":"open","ping_status":"open","sticky":false,"template":"","format":"standard","meta":{"om_disable_all_campaigns":false,"_monsterinsights_skip_tracking":false,"_monsterinsights_sitenote_active":false,"_monsterinsights_sitenote_note":"","_monsterinsights_sitenote_category":0,"_uf_show_specific_survey":0,"_uf_disable_surveys":false,"footnotes":""},"categories":[1],"tags":[],"class_list":["post-6684","post","type-post","status-publish","format-standard","hentry","category-uncategorized"],"aioseo_notices":[],"views":35,"_links":{"self":[{"href":"https:\/\/used82.com\/index.php?rest_route=\/wp\/v2\/posts\/6684","targetHints":{"allow":["GET"]}}],"collection":[{"href":"https:\/\/used82.com\/index.php?rest_route=\/wp\/v2\/posts"}],"about":[{"href":"https:\/\/used82.com\/index.php?rest_route=\/wp\/v2\/types\/post"}],"author":[{"embeddable":true,"href":"https:\/\/used82.com\/index.php?rest_route=\/wp\/v2\/users\/1"}],"replies":[{"embeddable":true,"href":"https:\/\/used82.com\/index.php?rest_route=%2Fwp%2Fv2%2Fcomments&post=6684"}],"version-history":[{"count":0,"href":"https:\/\/used82.com\/index.php?rest_route=\/wp\/v2\/posts\/6684\/revisions"}],"wp:attachment":[{"href":"https:\/\/used82.com\/index.php?rest_route=%2Fwp%2Fv2%2Fmedia&parent=6684"}],"wp:term":[{"taxonomy":"category","embeddable":true,"href":"https:\/\/used82.com\/index.php?rest_route=%2Fwp%2Fv2%2Fcategories&post=6684"},{"taxonomy":"post_tag","embeddable":true,"href":"https:\/\/used82.com\/index.php?rest_route=%2Fwp%2Fv2%2Ftags&post=6684"}],"curies":[{"name":"wp","href":"https:\/\/api.w.org\/{rel}","templated":true}]}}