{"id":6686,"date":"2023-12-24T14:44:42","date_gmt":"2023-12-24T14:44:42","guid":{"rendered":"https:\/\/used82.com\/?p=6686"},"modified":"2023-12-24T14:44:42","modified_gmt":"2023-12-24T14:44:42","slug":"sllovakia-arreston-nje-person-qe-kercenoi-se-do-te-bente-sulm-te-ngjashem-me-ate-ne-prage","status":"publish","type":"post","link":"https:\/\/used82.com\/?p=6686","title":{"rendered":"Sllovakia arreston nj\u00eb person q\u00eb k\u00ebrc\u00ebnoi se do t\u00eb b\u00ebnte sulm t\u00eb ngjash\u00ebm me at\u00eb n\u00eb Prag\u00eb"},"content":{"rendered":"<p>Policia n\u00eb Sllovaki ka arrestuar nj\u00eb person q\u00eb k\u00ebrc\u00ebnoi t\u00eb kryente masak\u00ebr t\u00eb ngjashme me at\u00eb t\u00eb s\u00eb enjtes n\u00eb Prag\u00eb, raporton \u201cBBC\u201d.<\/p>\n<p>Policia ka th\u00ebn\u00eb se 64-vje\u00e7ari \u00ebsht\u00eb ndaluar n\u00eb qytetin verior Zilina, pasi telefonoi sh\u00ebrbimet emergjente duke th\u00ebn\u00eb se synon t\u00eb b\u00ebj\u00eb at\u00eb \u201cq\u00eb ndodhi n\u00eb Prag\u00eb\u201d.<\/p>\n<div class=\"mobile-show-more\">\n<p>Ai p\u00ebrballet me ndjekje penale p\u00ebr p\u00ebrhapjen e alarmit t\u00eb p\u00ebrgjithsh\u00ebm, q\u00eb parashikon nj\u00eb d\u00ebnim maksimal prej dy vjet\u00ebve burgim.<\/p>\n<p>T\u00eb enjten nj\u00eb student hapi zjarr n\u00eb nj\u00eb universitet n\u00eb Prag\u00eb, duke vrar\u00eb 14 persona, nd\u00ebrsa m\u00eb pas vrau veten.<\/p>\n<p>Policia e \u00c7ekis\u00eb po ashtu ka b\u00ebr\u00eb disa arrestime q\u00eb nga rasti.<\/p>\n<p>Policia e Sllovakis\u00eb ka th\u00ebn\u00eb se personi i arrestuar kishte telefonuar sh\u00ebrbimet emergjente duke th\u00ebn\u00eb se d\u00ebshiron t\u00eb blej\u00eb nj\u00eb arm\u00eb t\u00eb ngjashme me at\u00eb q\u00eb kreu sulmin vras\u00ebsi n\u00eb Prag\u00eb.<\/p>\n<p>Policia ka publikuar nj\u00eb video ku shihen zyrtar\u00ebt policor\u00eb t\u00eb armatosur me arm\u00eb automatike duke hyr\u00eb n\u00eb apartament dhe arrestuar t\u00eb dyshuarin.<\/p>\n<p>N\u00eb Republik\u00eb t\u00eb \u00c7ekis\u00eb, nj\u00eb burr\u00eb tjet\u00ebr u arrestua pasi k\u00ebrc\u00ebnoi se do t\u2019i vras\u00eb an\u00ebtar\u00ebt e mbijetuar t\u00eb familjes s\u00eb vras\u00ebsit t\u00eb Prag\u00ebs. Policia ka th\u00ebn\u00eb se ka gjetur nj\u00eb arm\u00eb n\u00eb sht\u00ebpin\u00eb e t\u00eb dyshuarit n\u00eb rajonin Vysocina.<\/p>\n<p>E t\u00eb premten mbr\u00ebma polic\u00ebt u ftuan n\u00eb nj\u00eb fshat n\u00eb per\u00ebndim t\u00eb Plzenit, pasi nj\u00eb burr\u00eb k\u00ebrc\u00ebnoi se do t\u2019i vriste fqinj\u00ebt. Ai u arrestua, por u zbulua se ishte i dehur dhe i paarmatosur.<\/p>\n<\/div>\n","protected":false},"excerpt":{"rendered":"<p>Policia n\u00eb Sllovaki ka arrestuar nj\u00eb person q\u00eb k\u00ebrc\u00ebnoi t\u00eb kryente masak\u00ebr t\u00eb ngjashme me&#8230;<\/p>\n","protected":false},"author":1,"featured_media":0,"comment_status":"open","ping_status":"open","sticky":false,"template":"","format":"standard","meta":{"om_disable_all_campaigns":false,"_monsterinsights_skip_tracking":false,"_monsterinsights_sitenote_active":false,"_monsterinsights_sitenote_note":"","_monsterinsights_sitenote_category":0,"_uf_show_specific_survey":0,"_uf_disable_surveys":false,"footnotes":""},"categories":[1],"tags":[],"class_list":["post-6686","post","type-post","status-publish","format-standard","hentry","category-uncategorized"],"aioseo_notices":[],"views":23,"_links":{"self":[{"href":"https:\/\/used82.com\/index.php?rest_route=\/wp\/v2\/posts\/6686","targetHints":{"allow":["GET"]}}],"collection":[{"href":"https:\/\/used82.com\/index.php?rest_route=\/wp\/v2\/posts"}],"about":[{"href":"https:\/\/used82.com\/index.php?rest_route=\/wp\/v2\/types\/post"}],"author":[{"embeddable":true,"href":"https:\/\/used82.com\/index.php?rest_route=\/wp\/v2\/users\/1"}],"replies":[{"embeddable":true,"href":"https:\/\/used82.com\/index.php?rest_route=%2Fwp%2Fv2%2Fcomments&post=6686"}],"version-history":[{"count":0,"href":"https:\/\/used82.com\/index.php?rest_route=\/wp\/v2\/posts\/6686\/revisions"}],"wp:attachment":[{"href":"https:\/\/used82.com\/index.php?rest_route=%2Fwp%2Fv2%2Fmedia&parent=6686"}],"wp:term":[{"taxonomy":"category","embeddable":true,"href":"https:\/\/used82.com\/index.php?rest_route=%2Fwp%2Fv2%2Fcategories&post=6686"},{"taxonomy":"post_tag","embeddable":true,"href":"https:\/\/used82.com\/index.php?rest_route=%2Fwp%2Fv2%2Ftags&post=6686"}],"curies":[{"name":"wp","href":"https:\/\/api.w.org\/{rel}","templated":true}]}}