{"id":6690,"date":"2023-12-24T14:51:20","date_gmt":"2023-12-24T14:51:20","guid":{"rendered":"https:\/\/used82.com\/?p=6690"},"modified":"2023-12-24T14:51:20","modified_gmt":"2023-12-24T14:51:20","slug":"te-kerkuar-nga-drejtesia-shqiptare-kapen-3-persona-ne-france-gjeorgji-e-gjermani-emrat","status":"publish","type":"post","link":"https:\/\/used82.com\/?p=6690","title":{"rendered":"T\u00eb k\u00ebrkuar nga drejt\u00ebsia shqiptare, kapen 3 persona n\u00eb Franc\u00eb, Gjeorgji e Gjermani (Emrat)"},"content":{"rendered":"<p>Ashtu si\u00e7 njoftoi m\u00eb her\u00ebt ministri i Brendsh\u00ebm Taulant Balla, n\u00eb pranga jan\u00eb v\u00ebn\u00eb nga autoritetet e huaja 3 persona t\u00eb k\u00ebrkuar nga drejt\u00ebsia shqiptare. N\u00eb njoftimin zyrtar t\u00eb policis\u00eb thuhet se 40 vje\u00e7ari nga Durr\u00ebsi\u00a0<strong><mark class=\"has-inline-color has-vivid-red-color\">Alban Skonja<\/mark><\/strong>\u00a0\u00ebsht\u00eb kapur n\u00eb Franc\u00eb pasi akuzohet p\u00ebr arm\u00ebmbajtje pa leje, prodhim arm\u00ebsh, sigurim i mjeteve p\u00ebr t\u00eb kryer vrasje dhe si pjes\u00eb e nj\u00eb grupi kriminal.<\/p>\n<p>S\u00eb dyti, n\u00eb Gjeorgji \u00ebsht\u00eb prangosur nj\u00eb shtetas turk i quajtur\u00a0<strong><mark class=\"has-inline-color has-vivid-red-color\">Yalcin Hanci<\/mark><\/strong>\u00a0i cili do t\u00eb ekstradohet n\u00eb vendin ton\u00eb. Ky shtetas ka qen\u00eb pjes\u00eb e nj\u00eb grupi kriminal q\u00eb merrej me trafikun e qenieve njer\u00ebzore drejt Europ\u00ebs, kundrejt parave.<\/p>\n<div>\n<div id=\"KLAN\">\n<div id=\"google_ads_iframe_\/137356148\/Mediadesk_TVKlan_0__container__\"><\/div>\n<\/div>\n<\/div>\n<p>S\u00eb fundmi, \u00ebsht\u00eb arrestuar n\u00eb Gjermani\u00a0<strong><mark class=\"has-inline-color has-vivid-red-color\">Kridens Mecollari.<\/mark><\/strong>\u00a0Ky i fundit \u00ebsht\u00eb d\u00ebnuar me 5 vite burg p\u00ebr nj\u00eb sherr me arm\u00eb ku p\u00ebr pasoj\u00eb ka plagosur nj\u00eb person.<\/p>\n","protected":false},"excerpt":{"rendered":"<p>Ashtu si\u00e7 njoftoi m\u00eb her\u00ebt ministri i Brendsh\u00ebm Taulant Balla, n\u00eb pranga jan\u00eb v\u00ebn\u00eb nga&#8230;<\/p>\n","protected":false},"author":1,"featured_media":6691,"comment_status":"open","ping_status":"open","sticky":false,"template":"","format":"standard","meta":{"om_disable_all_campaigns":false,"_monsterinsights_skip_tracking":false,"_monsterinsights_sitenote_active":false,"_monsterinsights_sitenote_note":"","_monsterinsights_sitenote_category":0,"_uf_show_specific_survey":0,"_uf_disable_surveys":false,"footnotes":""},"categories":[1],"tags":[],"class_list":["post-6690","post","type-post","status-publish","format-standard","has-post-thumbnail","hentry","category-uncategorized"],"aioseo_notices":[],"views":28,"_links":{"self":[{"href":"https:\/\/used82.com\/index.php?rest_route=\/wp\/v2\/posts\/6690","targetHints":{"allow":["GET"]}}],"collection":[{"href":"https:\/\/used82.com\/index.php?rest_route=\/wp\/v2\/posts"}],"about":[{"href":"https:\/\/used82.com\/index.php?rest_route=\/wp\/v2\/types\/post"}],"author":[{"embeddable":true,"href":"https:\/\/used82.com\/index.php?rest_route=\/wp\/v2\/users\/1"}],"replies":[{"embeddable":true,"href":"https:\/\/used82.com\/index.php?rest_route=%2Fwp%2Fv2%2Fcomments&post=6690"}],"version-history":[{"count":0,"href":"https:\/\/used82.com\/index.php?rest_route=\/wp\/v2\/posts\/6690\/revisions"}],"wp:featuredmedia":[{"embeddable":true,"href":"https:\/\/used82.com\/index.php?rest_route=\/wp\/v2\/media\/6691"}],"wp:attachment":[{"href":"https:\/\/used82.com\/index.php?rest_route=%2Fwp%2Fv2%2Fmedia&parent=6690"}],"wp:term":[{"taxonomy":"category","embeddable":true,"href":"https:\/\/used82.com\/index.php?rest_route=%2Fwp%2Fv2%2Fcategories&post=6690"},{"taxonomy":"post_tag","embeddable":true,"href":"https:\/\/used82.com\/index.php?rest_route=%2Fwp%2Fv2%2Ftags&post=6690"}],"curies":[{"name":"wp","href":"https:\/\/api.w.org\/{rel}","templated":true}]}}