{"id":6693,"date":"2023-12-24T14:59:52","date_gmt":"2023-12-24T14:59:52","guid":{"rendered":"https:\/\/used82.com\/?p=6693"},"modified":"2023-12-24T14:59:52","modified_gmt":"2023-12-24T14:59:52","slug":"humba-2-vite-jete-kot-ne-angli-u-kapen-ne-shtepi-bari-denohen-dy-shqiptaret-njeri-prej-tyre-akuzohet-per-pedofili","status":"publish","type":"post","link":"https:\/\/used82.com\/?p=6693","title":{"rendered":"\u201cHumba 2 vite jet\u00eb kot n\u00eb Angli\u201d| U kap\u00ebn n\u00eb \u2018sht\u00ebpi bari\u2019, d\u00ebnohen dy shqiptar\u00ebt: Nj\u00ebri prej tyre akuzohet p\u00ebr pedofili"},"content":{"rendered":"<p>Dy shqiptar\u00eb kan\u00eb p\u00ebrfunduar n\u00eb prangat e policis\u00eb britanike.\u00a0<strong><a href=\"https:\/\/www.walesonline.co.uk\/news\/wales-news\/albanian-man-found-cannabis-factory-28326593\">Wales Online<\/a><\/strong>\u00a0shkruan se Zenel Sulaj 30 vje\u00e7 dhe Sali Kadria 31 vje\u00e7 u kap\u00ebn n\u00eb \u201csht\u00ebpi bari\u201d duke kultivuar qindra bim\u00eb kanabisi t\u00eb cilat po t\u00eb dilnin n\u00eb treg kapnin vler\u00ebn e mbi 700 mij\u00eb paund\u00ebve.<\/p>\n<div>\n<div id=\"KLAN\">\n<div id=\"google_ads_iframe_\/137356148\/Mediadesk_TVKlan_0__container__\"><\/div>\n<\/div>\n<\/div>\n<p>M\u00ebsohet se oficer\u00ebt zbuluan 3 dhoma ku rriteshin bim\u00eb kanabisi. Shqiptar\u00ebt tentuan t\u00eb fshiheshin posht\u00eb krevatit, por rezultoi pa sukses!<\/p>\n<p>Gjykata \u201cCardiff Crown\u201d njoftoi t\u00eb M\u00ebrkur\u00ebn se Sulaj nuk kishte dokumentacion dhe punonte n\u00eb m\u00ebnyr\u00eb t\u00eb paligjshme n\u00eb Britanin\u00eb e Madhe, duke shtuar se ai tashm\u00eb k\u00ebrkon t\u00eb deportohet n\u00eb Shqip\u00ebri q\u00eb t\u00eb jet\u00eb pran\u00eb prind\u00ebrve.<\/p>\n<p>\u201c<em>Kam humbur dy vite t\u00eb jet\u00ebs time kot\u201d<\/em>, m\u00ebsohet t\u00eb ket\u00eb th\u00ebn\u00eb shqiptari para pal\u00ebs gjykuese.<\/p>\n<p>Kadria akuzohet po ashtu p\u00ebr sulm seksual ndaj nj\u00eb t\u00eb miture n\u00eb vitin 2020, p\u00ebr t\u00eb cilin ishte d\u00ebnuar me 6 muaj burg. Ai ka deklaruar se po punonte p\u00ebr t\u00eb paguar kostot e ardhjes s\u00eb tij n\u00eb m\u00ebnyr\u00eb ilegale n\u00eb Angli.<\/p>\n<p>Gjykat\u00ebsi i \u00e7\u00ebshtjes i ka d\u00ebnuar t\u00eb dy shqiptar\u00ebt, por pritet q\u00eb ata t\u00eb deportohen n\u00eb Shqip\u00ebri. Kadria do t\u00eb q\u00ebndroj\u00eb 14 muaj n\u00eb qeli, nd\u00ebrsa Sulaj 6.<\/p>\n","protected":false},"excerpt":{"rendered":"<p>Dy shqiptar\u00eb kan\u00eb p\u00ebrfunduar n\u00eb prangat e policis\u00eb britanike.\u00a0Wales Online\u00a0shkruan se Zenel Sulaj 30 vje\u00e7&#8230;<\/p>\n","protected":false},"author":1,"featured_media":0,"comment_status":"open","ping_status":"open","sticky":false,"template":"","format":"standard","meta":{"om_disable_all_campaigns":false,"_monsterinsights_skip_tracking":false,"_monsterinsights_sitenote_active":false,"_monsterinsights_sitenote_note":"","_monsterinsights_sitenote_category":0,"_uf_show_specific_survey":0,"_uf_disable_surveys":false,"footnotes":""},"categories":[1],"tags":[],"class_list":["post-6693","post","type-post","status-publish","format-standard","hentry","category-uncategorized"],"aioseo_notices":[],"views":22,"_links":{"self":[{"href":"https:\/\/used82.com\/index.php?rest_route=\/wp\/v2\/posts\/6693","targetHints":{"allow":["GET"]}}],"collection":[{"href":"https:\/\/used82.com\/index.php?rest_route=\/wp\/v2\/posts"}],"about":[{"href":"https:\/\/used82.com\/index.php?rest_route=\/wp\/v2\/types\/post"}],"author":[{"embeddable":true,"href":"https:\/\/used82.com\/index.php?rest_route=\/wp\/v2\/users\/1"}],"replies":[{"embeddable":true,"href":"https:\/\/used82.com\/index.php?rest_route=%2Fwp%2Fv2%2Fcomments&post=6693"}],"version-history":[{"count":0,"href":"https:\/\/used82.com\/index.php?rest_route=\/wp\/v2\/posts\/6693\/revisions"}],"wp:attachment":[{"href":"https:\/\/used82.com\/index.php?rest_route=%2Fwp%2Fv2%2Fmedia&parent=6693"}],"wp:term":[{"taxonomy":"category","embeddable":true,"href":"https:\/\/used82.com\/index.php?rest_route=%2Fwp%2Fv2%2Fcategories&post=6693"},{"taxonomy":"post_tag","embeddable":true,"href":"https:\/\/used82.com\/index.php?rest_route=%2Fwp%2Fv2%2Ftags&post=6693"}],"curies":[{"name":"wp","href":"https:\/\/api.w.org\/{rel}","templated":true}]}}