{"id":6696,"date":"2023-12-24T15:03:15","date_gmt":"2023-12-24T15:03:15","guid":{"rendered":"https:\/\/used82.com\/?p=6696"},"modified":"2023-12-24T15:05:03","modified_gmt":"2023-12-24T15:05:03","slug":"opozita-kurti-po-manipulon-qytetaret-per-asociacionin","status":"publish","type":"post","link":"https:\/\/used82.com\/?p=6696","title":{"rendered":"Opozita: Kurti po manipulon qytetar\u00ebt p\u00ebr Asociacionin"},"content":{"rendered":"<div class=\"main_content clear\">\n<figure class=\"main_img single-lajme-main-img\"><iframe loading=\"lazy\" class=\"entered litespeed-loaded\" title=\"Tv Klan - Opozita: Kurti po manipulon qytetar\u00ebt p\u00ebr Asociacionin\" src=\"https:\/\/www.youtube.com\/embed\/tixndAl0YDg?feature=oembed\" width=\"854\" height=\"480\" frameborder=\"0\" allowfullscreen=\"allowfullscreen\" data-lazyloaded=\"1\" data-src=\"https:\/\/www.youtube.com\/embed\/tixndAl0YDg?feature=oembed\" data-ll-status=\"loaded\" data-mce-fragment=\"1\"><\/iframe><\/figure>\n<\/div>\n<p class=\"has-cyan-bluish-gray-background-color has-background\"><strong>\u201cJep autonomi p\u00ebr serb\u00ebt, duhet te flas\u00eb Kushtetuesja\u201d<\/strong><\/p>\n<p>Partit\u00eb e opozit\u00ebs n\u00eb Kosov\u00eb jan\u00eb mosbesuese p\u00ebr deklarimet e kryeministrit Albin Kurti se drafti i Asociacionit t\u00eb Komunave me Shumic\u00eb Serbe nuk shkel Kushtetut\u00ebn. N\u00eb LDK thon\u00eb se ai do t\u00eb analizohet me kujdes nga ekspert\u00ebt pasi ka t\u00eb dh\u00ebna se serb\u00ebt e veriut fitojn\u00eb autonomi me k\u00ebt\u00eb draft.<\/p>\n<div>\n<div id=\"KLAN\">\n<div id=\"google_ads_iframe_\/137356148\/Mediadesk_TVKlan_0__container__\"><\/div>\n<\/div>\n<\/div>\n<p><em>\u201cNe do ta analizojm\u00eb dhe sigurisht se secili prej nesh n\u00eb LDK do ta kund\u00ebrshtoj aq sa mundemi, aq sa fuqi kemi nj\u00eb pjes\u00eb t\u00eb autonomis\u00eb n\u00eb territorin e Kosov\u00ebs, sepse territori jon\u00eb \u00ebsht\u00eb i shenjt\u00eb dhe fal gjakut q\u00eb kan\u00eb derdhur heronjt\u00eb tan\u00eb ne sot po e g\u00ebzojm\u00eb k\u00ebt\u00eb liri\u201d.<\/em><\/p>\n<p>Edhe Aleanca p\u00ebr Ardhm\u00ebrin\u00eb e Kosov\u00ebs \u00ebsht\u00eb kritike p\u00ebr draftin ndaj e konsideron t\u00eb r\u00ebnd\u00ebsishme q\u00eb Gjykata Kushtetuese t\u00eb shprehet.<\/p>\n<p><em>\u201cNe e kemi diskutuar n\u00eb Kryesin\u00eb e Aleanc\u00ebs dhe nuk jemi pajtuar me draftin e propozuar sepse n\u00eb shum\u00eb nene \u00ebsht\u00eb kund\u00ebr Kushtetueses dhe krijojn\u00eb nj\u00eb autonomi territoriale p\u00ebr serb\u00ebt.\u201d<\/em><\/p>\n<p>Partit\u00eb e opozit\u00ebs kritikojn\u00eb qeverin\u00eb p\u00ebr munges\u00eb transparence p\u00ebr draftin e Asociacionit. Kryeministri Kurti \u00ebsht\u00eb shprehur i bindur se ai nuk shkel Kushtetut\u00ebn dhe \u00ebsht\u00eb i gatsh\u00ebm ta d\u00ebrgoj\u00eb at\u00eb n\u00eb Gjykat\u00ebn Kushtetuese.<\/p>\n","protected":false},"excerpt":{"rendered":"<p>\u201cJep autonomi p\u00ebr serb\u00ebt, duhet te flas\u00eb Kushtetuesja\u201d Partit\u00eb e opozit\u00ebs n\u00eb Kosov\u00eb jan\u00eb mosbesuese&#8230;<\/p>\n","protected":false},"author":1,"featured_media":0,"comment_status":"open","ping_status":"open","sticky":false,"template":"","format":"standard","meta":{"om_disable_all_campaigns":false,"_monsterinsights_skip_tracking":false,"_monsterinsights_sitenote_active":false,"_monsterinsights_sitenote_note":"","_monsterinsights_sitenote_category":0,"_uf_show_specific_survey":0,"_uf_disable_surveys":false,"footnotes":""},"categories":[1],"tags":[],"class_list":["post-6696","post","type-post","status-publish","format-standard","hentry","category-uncategorized"],"aioseo_notices":[],"views":26,"_links":{"self":[{"href":"https:\/\/used82.com\/index.php?rest_route=\/wp\/v2\/posts\/6696","targetHints":{"allow":["GET"]}}],"collection":[{"href":"https:\/\/used82.com\/index.php?rest_route=\/wp\/v2\/posts"}],"about":[{"href":"https:\/\/used82.com\/index.php?rest_route=\/wp\/v2\/types\/post"}],"author":[{"embeddable":true,"href":"https:\/\/used82.com\/index.php?rest_route=\/wp\/v2\/users\/1"}],"replies":[{"embeddable":true,"href":"https:\/\/used82.com\/index.php?rest_route=%2Fwp%2Fv2%2Fcomments&post=6696"}],"version-history":[{"count":0,"href":"https:\/\/used82.com\/index.php?rest_route=\/wp\/v2\/posts\/6696\/revisions"}],"wp:attachment":[{"href":"https:\/\/used82.com\/index.php?rest_route=%2Fwp%2Fv2%2Fmedia&parent=6696"}],"wp:term":[{"taxonomy":"category","embeddable":true,"href":"https:\/\/used82.com\/index.php?rest_route=%2Fwp%2Fv2%2Fcategories&post=6696"},{"taxonomy":"post_tag","embeddable":true,"href":"https:\/\/used82.com\/index.php?rest_route=%2Fwp%2Fv2%2Ftags&post=6696"}],"curies":[{"name":"wp","href":"https:\/\/api.w.org\/{rel}","templated":true}]}}