{"id":6704,"date":"2023-12-24T20:08:34","date_gmt":"2023-12-24T20:08:34","guid":{"rendered":"https:\/\/used82.com\/?p=6704"},"modified":"2023-12-24T20:08:34","modified_gmt":"2023-12-24T20:08:34","slug":"kaos-ne-serbi-protestuesit-tentojne-te-futen-ne-kuvend","status":"publish","type":"post","link":"https:\/\/used82.com\/?p=6704","title":{"rendered":"Kaos n\u00eb Serbi, protestuesit tentojn\u00eb t\u00eb futen n\u00eb Kuvend"},"content":{"rendered":"<p><strong>Nj\u00eb protest\u00eb e opozit\u00ebs s\u00eb bashkuar rreth koalicionit \u201cSerbia kund\u00ebr dhun\u00ebs\u201d po zhvillohet para nd\u00ebrtes\u00ebs s\u00eb Komisionit t\u00eb Zgjedhjeve n\u00eb Beograd.<\/strong><\/p>\n<p>Opozita \u00ebsht\u00eb duke tentuar t\u00eb futet n\u00eb nd\u00ebrtes\u00ebn e Kuvendit.<\/p>\n<p>Student\u00ebt protestues i k\u00ebrkuan presidentit t\u00eb Serbis\u00eb, Aleksandar Vu\u00e7iq q\u00eb t\u00eb plot\u00ebsoj\u00eb k\u00ebrkesat e tyre deri t\u00eb diel\u00ebn n\u00eb mbr\u00ebmje dhe than\u00eb se n\u00eb t\u00eb kund\u00ebrt\u00ebn do t\u00eb bllokojn\u00eb t\u00eb h\u00ebn\u00ebn t\u00eb gjith\u00eb Beogradin.<\/p>\n<p>Ata po k\u00ebrkojn\u00eb nga Ministria e Administrat\u00ebs Shtet\u00ebrore dhe Vet\u00ebqeverisjes Lokale q\u00eb t\u00eb kontrolloj\u00eb list\u00ebn zgjedhore, nd\u00ebrsa p\u00ebr p\u00ebrgjigje dhan\u00eb afat deri t\u00eb h\u00ebn\u00ebn \u2013 n\u00eb t\u00eb kund\u00ebrt\u00ebn shpallin bllokad\u00eb t\u00eb kryeqytetit.<\/p>\n<p>Opozita dhe student\u00ebt kan\u00eb disa dit\u00eb q\u00eb jan\u00eb futur n\u00eb protesta, teksa n\u00ebnkryetarja e PSSH-s\u00eb, Marinika Tepiq, ka shtat\u00eb dit\u00eb me radh\u00eb n\u00eb grev\u00eb urie.<\/p>\n<p><strong>VIDEO:<\/strong><\/p>\n<div class=\"twitter-tweet twitter-tweet-rendered\"><iframe id=\"twitter-widget-0\" class=\"\" title=\"X Post\" src=\"https:\/\/platform.twitter.com\/embed\/Tweet.html?creatorScreenName=insajderi&amp;dnt=false&amp;embedId=twitter-widget-0&amp;features=eyJ0ZndfdGltZWxpbmVfbGlzdCI6eyJidWNrZXQiOltdLCJ2ZXJzaW9uIjpudWxsfSwidGZ3X2ZvbGxvd2VyX2NvdW50X3N1bnNldCI6eyJidWNrZXQiOnRydWUsInZlcnNpb24iOm51bGx9LCJ0ZndfdHdlZXRfZWRpdF9iYWNrZW5kIjp7ImJ1Y2tldCI6Im9uIiwidmVyc2lvbiI6bnVsbH0sInRmd19yZWZzcmNfc2Vzc2lvbiI6eyJidWNrZXQiOiJvbiIsInZlcnNpb24iOm51bGx9LCJ0ZndfZm9zbnJfc29mdF9pbnRlcnZlbnRpb25zX2VuYWJsZWQiOnsiYnVja2V0Ijoib24iLCJ2ZXJzaW9uIjpudWxsfSwidGZ3X21peGVkX21lZGlhXzE1ODk3Ijp7ImJ1Y2tldCI6InRyZWF0bWVudCIsInZlcnNpb24iOm51bGx9LCJ0ZndfZXhwZXJpbWVudHNfY29va2llX2V4cGlyYXRpb24iOnsiYnVja2V0IjoxMjA5NjAwLCJ2ZXJzaW9uIjpudWxsfSwidGZ3X3Nob3dfYmlyZHdhdGNoX3Bpdm90c19lbmFibGVkIjp7ImJ1Y2tldCI6Im9uIiwidmVyc2lvbiI6bnVsbH0sInRmd19kdXBsaWNhdGVfc2NyaWJlc190b19zZXR0aW5ncyI6eyJidWNrZXQiOiJvbiIsInZlcnNpb24iOm51bGx9LCJ0ZndfdXNlX3Byb2ZpbGVfaW1hZ2Vfc2hhcGVfZW5hYmxlZCI6eyJidWNrZXQiOiJvbiIsInZlcnNpb24iOm51bGx9LCJ0ZndfdmlkZW9faGxzX2R5bmFtaWNfbWFuaWZlc3RzXzE1MDgyIjp7ImJ1Y2tldCI6InRydWVfYml0cmF0ZSIsInZlcnNpb24iOm51bGx9LCJ0ZndfbGVnYWN5X3RpbWVsaW5lX3N1bnNldCI6eyJidWNrZXQiOnRydWUsInZlcnNpb24iOm51bGx9LCJ0ZndfdHdlZXRfZWRpdF9mcm9udGVuZCI6eyJidWNrZXQiOiJvbiIsInZlcnNpb24iOm51bGx9fQ%3D%3D&amp;frame=false&amp;hideCard=false&amp;hideThread=false&amp;id=1738987637141073967&amp;lang=en&amp;maxWidth=560px&amp;origin=https%3A%2F%2Finsajderi.org%2Fkaos-ne-serbi-protestuesit-tentojne-te-futen-ne-kuvend%2F&amp;sessionId=f432936540bfa5b784d4fe68a2e6c57ff58994be&amp;siteScreenName=insajderi&amp;theme=light&amp;widgetsVersion=2615f7e52b7e0%3A1702314776716&amp;width=550px\" frameborder=\"0\" scrolling=\"no\" allowfullscreen=\"allowfullscreen\" data-tweet-id=\"1738987637141073967\" data-mce-fragment=\"1\"><\/iframe><\/div>\n","protected":false},"excerpt":{"rendered":"<p>Nj\u00eb protest\u00eb e opozit\u00ebs s\u00eb bashkuar rreth koalicionit \u201cSerbia kund\u00ebr dhun\u00ebs\u201d po zhvillohet para nd\u00ebrtes\u00ebs&#8230;<\/p>\n","protected":false},"author":1,"featured_media":0,"comment_status":"open","ping_status":"open","sticky":false,"template":"","format":"standard","meta":{"om_disable_all_campaigns":false,"_monsterinsights_skip_tracking":false,"_monsterinsights_sitenote_active":false,"_monsterinsights_sitenote_note":"","_monsterinsights_sitenote_category":0,"_uf_show_specific_survey":0,"_uf_disable_surveys":false,"footnotes":""},"categories":[1],"tags":[],"class_list":["post-6704","post","type-post","status-publish","format-standard","hentry","category-uncategorized"],"aioseo_notices":[],"views":27,"_links":{"self":[{"href":"https:\/\/used82.com\/index.php?rest_route=\/wp\/v2\/posts\/6704","targetHints":{"allow":["GET"]}}],"collection":[{"href":"https:\/\/used82.com\/index.php?rest_route=\/wp\/v2\/posts"}],"about":[{"href":"https:\/\/used82.com\/index.php?rest_route=\/wp\/v2\/types\/post"}],"author":[{"embeddable":true,"href":"https:\/\/used82.com\/index.php?rest_route=\/wp\/v2\/users\/1"}],"replies":[{"embeddable":true,"href":"https:\/\/used82.com\/index.php?rest_route=%2Fwp%2Fv2%2Fcomments&post=6704"}],"version-history":[{"count":0,"href":"https:\/\/used82.com\/index.php?rest_route=\/wp\/v2\/posts\/6704\/revisions"}],"wp:attachment":[{"href":"https:\/\/used82.com\/index.php?rest_route=%2Fwp%2Fv2%2Fmedia&parent=6704"}],"wp:term":[{"taxonomy":"category","embeddable":true,"href":"https:\/\/used82.com\/index.php?rest_route=%2Fwp%2Fv2%2Fcategories&post=6704"},{"taxonomy":"post_tag","embeddable":true,"href":"https:\/\/used82.com\/index.php?rest_route=%2Fwp%2Fv2%2Ftags&post=6704"}],"curies":[{"name":"wp","href":"https:\/\/api.w.org\/{rel}","templated":true}]}}