{"id":6709,"date":"2023-12-24T20:14:09","date_gmt":"2023-12-24T20:14:09","guid":{"rendered":"https:\/\/used82.com\/?p=6709"},"modified":"2023-12-24T20:14:09","modified_gmt":"2023-12-24T20:14:09","slug":"kurti-perzihet-edhe-ne-maqedoni-te-veriut-vetevendosja-zyrtarisht-pjese-e-opozites-shqiptare","status":"publish","type":"post","link":"https:\/\/used82.com\/?p=6709","title":{"rendered":"Kurti \u201cp\u00ebrzihet\u201d edhe n\u00eb Maqedoni t\u00eb Veriut, Vet\u00ebvendosja zyrtarisht pjes\u00eb e opozit\u00ebs shqiptare"},"content":{"rendered":"<p><strong>Kryetari i L\u00ebvizjes Demokratike, Izet Mexhiti tha se prej sot opozit\u00ebs shqiptare n\u00eb Maqedonin\u00eb e Veriut i shtohet edhe L\u00ebvizja Vet\u00ebvendosje.<\/strong><\/p>\n<p>Mexhiti thot\u00eb se Vet\u00ebvendosja do t\u00eb jet\u00eb pjes\u00eb e Lidhjes Europiane p\u00ebr Ndryshim.<\/p>\n<p>\u201cDo t\u00eb thot\u00eb nga sot, LEN p\u00ebrb\u00ebhet nga kat\u00ebr parti politike. Do t\u00eb thot\u00eb n\u00eb k\u00ebto 4 \u00ebsht\u00eb edhe Vet\u00ebvendosja dhe tashm\u00eb edhe programin e punojm\u00eb bashk\u00ebrisht, kjo zyre \u00ebsht\u00eb e p\u00ebrbashk\u00ebt edhe fushata do t\u00eb jet\u00eb e p\u00ebrbashk\u00ebt dhe do t\u00eb jen\u00eb pjes\u00eb e e listave parlamentare, do t\u00eb thot\u00eb do t\u00eb jen\u00eb t\u00eb p\u00ebrbashk\u00ebta, do t\u00eb ket\u00eb an\u00ebtar, p\u00ebrfaq\u00ebsues t\u00eb Vet\u00ebvendosjes\u201d, tha Mexhiti.<\/p>\n<p>K\u00ebshilltari i Albin Kurtit p\u00ebr Maqedonin\u00eb e Veriut, Bekim Qoku sot tha se L\u00ebvizja Vet\u00ebvendosje do t\u00eb jet\u00eb shtylla e kat\u00ebrt e opozit\u00ebs shqiptare n\u00eb Maqedonin\u00eb e Veriut, p\u00ebrcjell \u201cTV21\u201d.<\/p>\n<p>Qoku tha se do t\u00eb kontribuojn\u00eb p\u00ebr ndryshim politik n\u00eb Maqedonin\u00eb e Veriut, bashk\u00eb me L\u00ebvizjes Demokratike, Alternativ\u00ebn dhe L\u00ebvizjen Besa.<\/p>\n<p>\u201cUn\u00eb sot jam k\u00ebtu p\u00ebr t\u00eb inicuar bashk\u00ebpunimin ton\u00eb si L\u00ebvizja Vet\u00ebvendosje, nj\u00eb lloj shtylle e kat\u00ebrt e k\u00ebtij koalicioni tashm\u00eb t\u00eb etabluar k\u00ebtu, p\u00ebr t\u00eb sjell\u00eb ndryshimin e munguar tash e 20 vjet q\u00eb realizohet p\u00ebrmes t\u00eb k\u00ebtij regjimi q\u00eb \u00ebsht\u00eb n\u00eb RMV. Vet\u00ebvendosja natyrisht q\u00eb nuk mund t\u00eb rrij\u00eb duarkryq\u201d, theksoi Qoku.<\/p>\n","protected":false},"excerpt":{"rendered":"<p>Kryetari i L\u00ebvizjes Demokratike, Izet Mexhiti tha se prej sot opozit\u00ebs shqiptare n\u00eb Maqedonin\u00eb e&#8230;<\/p>\n","protected":false},"author":1,"featured_media":0,"comment_status":"open","ping_status":"open","sticky":false,"template":"","format":"standard","meta":{"om_disable_all_campaigns":false,"_monsterinsights_skip_tracking":false,"_monsterinsights_sitenote_active":false,"_monsterinsights_sitenote_note":"","_monsterinsights_sitenote_category":0,"_uf_show_specific_survey":0,"_uf_disable_surveys":false,"footnotes":""},"categories":[1],"tags":[],"class_list":["post-6709","post","type-post","status-publish","format-standard","hentry","category-uncategorized"],"aioseo_notices":[],"views":30,"_links":{"self":[{"href":"https:\/\/used82.com\/index.php?rest_route=\/wp\/v2\/posts\/6709","targetHints":{"allow":["GET"]}}],"collection":[{"href":"https:\/\/used82.com\/index.php?rest_route=\/wp\/v2\/posts"}],"about":[{"href":"https:\/\/used82.com\/index.php?rest_route=\/wp\/v2\/types\/post"}],"author":[{"embeddable":true,"href":"https:\/\/used82.com\/index.php?rest_route=\/wp\/v2\/users\/1"}],"replies":[{"embeddable":true,"href":"https:\/\/used82.com\/index.php?rest_route=%2Fwp%2Fv2%2Fcomments&post=6709"}],"version-history":[{"count":0,"href":"https:\/\/used82.com\/index.php?rest_route=\/wp\/v2\/posts\/6709\/revisions"}],"wp:attachment":[{"href":"https:\/\/used82.com\/index.php?rest_route=%2Fwp%2Fv2%2Fmedia&parent=6709"}],"wp:term":[{"taxonomy":"category","embeddable":true,"href":"https:\/\/used82.com\/index.php?rest_route=%2Fwp%2Fv2%2Fcategories&post=6709"},{"taxonomy":"post_tag","embeddable":true,"href":"https:\/\/used82.com\/index.php?rest_route=%2Fwp%2Fv2%2Ftags&post=6709"}],"curies":[{"name":"wp","href":"https:\/\/api.w.org\/{rel}","templated":true}]}}