{"id":6713,"date":"2023-12-24T20:17:45","date_gmt":"2023-12-24T20:17:45","guid":{"rendered":"https:\/\/used82.com\/?p=6713"},"modified":"2023-12-24T20:17:45","modified_gmt":"2023-12-24T20:17:45","slug":"takimi-i-kurtit-e-osmanit-me-presidentin-e-bullgarise-shqetesohet-komuniteti-boshnjak","status":"publish","type":"post","link":"https:\/\/used82.com\/?p=6713","title":{"rendered":"Takimi i Kurtit e Osmanit me presidentin e Bullgaris\u00eb, shqet\u00ebsohet komuniteti boshnjak"},"content":{"rendered":"<p><em><strong>Dy dit\u00eb m\u00eb par\u00eb, kryeministri Albin Kurti dhe presidentja Vjosa Osmani kan\u00eb pritur n\u00eb takim presidentin e Bullgaris\u00eb, Rumen Radev.<\/strong><\/em><\/p>\n<p>Nj\u00eb konferenc\u00eb p\u00ebr media, ata than\u00eb se diskutuan p\u00ebr marr\u00ebdh\u00ebniet e mira mes shteteve dhe \u00e7\u00ebshtje t\u00eb tjera.<\/p>\n<p>Por, k\u00ebt\u00eb takim nuk e priti mir\u00eb Partia Demokratike e Boshnjak\u00ebve-Koalicioni Vakat.<\/p>\n<p>Koalicioni Vakat ka k\u00ebrkuar nga Qeveria e Kosov\u00ebs ta mbrojn\u00eb komunitetin boshnjak\u00eb dhe t\u00eb mos heshtin n\u00eb manipulimet e Bullgaris\u00eb p\u00ebr ta zvog\u00ebluar komunitetin boshnjak\u00eb.<\/p>\n<p><em>\u201cKreret e shtetit dhe komunat jon\u00eb aktuale n\u00eb Republik\u00ebs s\u00eb Kosov\u00ebs dhe opinioni vendor dhe nd\u00ebrkomb\u00ebtar, nuk duhet t\u00eb heshtin p\u00ebr sulmin e r\u00ebnd\u00eb ndaj komunitetit komb\u00ebtar boshnjak n\u00eb Kosov\u00eb si justifikim p\u00ebr heshtje p\u00ebr shkak t\u00eb interesave t\u00eb shtetit t\u00eb Kosov\u00ebs, lidhur me marr\u00ebdh\u00ebniet e mira me Republik\u00ebn e Bullgaris\u00eb, an\u00ebtare i BE-s\u00eb dhe NATO-s\u201d,<\/em>\u00a0thuhet n\u00eb reagim.<\/p>\n<p>Sipas PDB\u2019s\u00eb, qeveria e Bullgaris\u00eb tash e 10 vite po tenton t\u00eb formoj\u00eb nj\u00eb bashk\u00ebsi bullgare n\u00eb Kosov\u00eb.<\/p>\n<p>Tutje, ata pretendojn\u00eb se qeveria bullgare po abuzon\u00eb me student\u00ebt n\u00eb Bullgari.<\/p>\n<p><em>\u201cShteti i Bullgaris\u00eb kryen manipulime t\u00eb r\u00ebnda duke p\u00ebrdorur ata student\u00eb nga vendi yn\u00eb n\u00eb Sofje dhe qytete bullgar t\u00eb tjera, t\u00eb cil\u00ebt i paraqet si gjoja pjes\u00ebtar\u00eb t\u00eb diaspor\u00ebs bullgare n\u00eb Republik\u00ebn e Kosov\u00ebs<\/em>\u201c, thuhet n\u00eb reagim.<\/p>\n<p>Po ashtu, koalicioni Vakat tha se vozita e presidentit Radev u b\u00eb n\u00eb shenj\u00eb t\u00eb manipulimeve.<\/p>\n<p><em>\u201cDhe kjo vizit\u00eb dyditore e presidentit bullgar Rumen Radeev tek zyrtar\u00ebt kosovar\u00eb dhe tek i ashtuquajturi komunitet bullgar n\u00eb Prizren, sot u b\u00eb n\u00eb shenj\u00eb t\u00eb atyre manipulimeve. Edhe me \u201cdekorin\u201d dhe priftin e Kish\u00ebs Ortodokse Bullgare u hap nj\u00eb far\u00eb zyre n\u00eb Prizren<\/em>\u201c.<\/p>\n<p><em>Autoritetet shtet\u00ebror e Republik\u00ebs s\u00eb Kosov\u00ebs nuk duhet ta lejojn\u00eb k\u00ebt\u00eb sulm t\u00eb papranuesh\u00ebm ndaj boshnjak\u00ebve t\u00eb Kosov\u00ebs dhe t\u00eb k\u00ebrkojn\u00eb arsyetim p\u00ebr heshtjen e tyre, apo miratimin e heshtur t\u00eb k\u00ebtyre provokimeve\u201d<\/em>.<\/p>\n<p><em>\u201cBoshnjak\u00ebt e Kosov\u00ebs jan\u00eb pjes\u00ebmarr\u00ebs aktiv\u00eb n\u00eb jet\u00ebn politike dhe publike t\u00eb Kosov\u00ebs!\u201d.<\/em><\/p>\n","protected":false},"excerpt":{"rendered":"<p>Dy dit\u00eb m\u00eb par\u00eb, kryeministri Albin Kurti dhe presidentja Vjosa Osmani kan\u00eb pritur n\u00eb takim&#8230;<\/p>\n","protected":false},"author":1,"featured_media":0,"comment_status":"open","ping_status":"open","sticky":false,"template":"","format":"standard","meta":{"om_disable_all_campaigns":false,"_monsterinsights_skip_tracking":false,"_monsterinsights_sitenote_active":false,"_monsterinsights_sitenote_note":"","_monsterinsights_sitenote_category":0,"_uf_show_specific_survey":0,"_uf_disable_surveys":false,"footnotes":""},"categories":[1],"tags":[],"class_list":["post-6713","post","type-post","status-publish","format-standard","hentry","category-uncategorized"],"aioseo_notices":[],"views":35,"_links":{"self":[{"href":"https:\/\/used82.com\/index.php?rest_route=\/wp\/v2\/posts\/6713","targetHints":{"allow":["GET"]}}],"collection":[{"href":"https:\/\/used82.com\/index.php?rest_route=\/wp\/v2\/posts"}],"about":[{"href":"https:\/\/used82.com\/index.php?rest_route=\/wp\/v2\/types\/post"}],"author":[{"embeddable":true,"href":"https:\/\/used82.com\/index.php?rest_route=\/wp\/v2\/users\/1"}],"replies":[{"embeddable":true,"href":"https:\/\/used82.com\/index.php?rest_route=%2Fwp%2Fv2%2Fcomments&post=6713"}],"version-history":[{"count":0,"href":"https:\/\/used82.com\/index.php?rest_route=\/wp\/v2\/posts\/6713\/revisions"}],"wp:attachment":[{"href":"https:\/\/used82.com\/index.php?rest_route=%2Fwp%2Fv2%2Fmedia&parent=6713"}],"wp:term":[{"taxonomy":"category","embeddable":true,"href":"https:\/\/used82.com\/index.php?rest_route=%2Fwp%2Fv2%2Fcategories&post=6713"},{"taxonomy":"post_tag","embeddable":true,"href":"https:\/\/used82.com\/index.php?rest_route=%2Fwp%2Fv2%2Ftags&post=6713"}],"curies":[{"name":"wp","href":"https:\/\/api.w.org\/{rel}","templated":true}]}}