{"id":6715,"date":"2023-12-24T20:20:25","date_gmt":"2023-12-24T20:20:25","guid":{"rendered":"https:\/\/used82.com\/?p=6715"},"modified":"2023-12-24T20:20:25","modified_gmt":"2023-12-24T20:20:25","slug":"del-autopsia-kosovari-e-rrahu-e-me-pas-e-vrau-ish-te-dashuren-ne-itali","status":"publish","type":"post","link":"https:\/\/used82.com\/?p=6715","title":{"rendered":"Del autopsia: Kosovari e rrahu e m\u00eb pas e vrau ish t\u00eb dashur\u00ebn n\u00eb Itali"},"content":{"rendered":"<p><strong>Detaje t\u00eb reja jan\u00eb b\u00ebr\u00eb publike nga mediat italiane n\u00eb lidhje me 27-vje\u00e7aren Vanessa Ballan, e cila u vra me thik\u00eb nga 41-vje\u00e7ari kosovar, i identifikuar si Bujar Fandaj.<\/strong><\/p>\n<p>Autoritetet sh\u00ebndet\u00ebsore n\u00eb Itali kan\u00eb publikuar autopsin\u00eb e b\u00ebr\u00eb ndaj t\u00eb res\u00eb.<\/p>\n<p>Rezultatet e autopsis\u00eb thon\u00eb se para se Vanessa Ballan t\u00eb vritej, ajo \u00ebsht\u00eb rrahur barbarisht nga 41-vje\u00e7ari kosovar.<\/p>\n<p>Nga ekzaminimi u konstatuan mavijosje n\u00eb kok\u00eb dhe fytyr\u00eb, si dhe disa plag\u00eb n\u00eb duar, t\u00eb cilat besohet se i ka marr\u00eb gjat\u00eb tentativ\u00ebs p\u00ebr t\u2019u mbrojtur.<\/p>\n<p>Nd\u00ebr t\u00eb tjera, autoritetet italiane, shprehen se 27-vje\u00e7arja ka marr\u00eb dy goditje n\u00eb mushk\u00ebri, dhe m\u00eb pas Bujar Fandaj e ka q\u00eblluar me thik\u00eb n\u00eb zem\u00ebr, duke shpuar tej p\u00ebr tej organin jet\u00ebsor.<\/p>\n<p>Bujar Fandaj ka goditur 8 her\u00eb me nj\u00eb thik\u00eb 20 centimet\u00ebr t\u00eb gjat\u00eb t\u00eb ren\u00eb italiane.<\/p>\n<p>Shtatz\u00ebnia e saj \u00ebsht\u00eb konfirmuar gjithashtu, ajo kishte arritur af\u00ebrsisht jav\u00ebn e dymb\u00ebdhjet\u00eb t\u00eb shtatz\u00ebnis\u00eb. N\u00eb dit\u00ebt n\u00eb vijim do t\u00eb b\u00ebhet edhe nj\u00eb test ADN-je p\u00ebr t\u00eb zbuluar at\u00ebsin\u00eb e fetuesit.<\/p>\n<p>Vanessa Ballan u vra n\u00eb pragun e sht\u00ebpis\u00eb e goditur t\u00eb pakt\u00ebn 8 her\u00eb m\u00eb thik\u00eb nga ish-i dashuri.<\/p>\n<p>Pas nj\u00eb viti lidhje, 27-vje\u00e7arja kishte vendosur t\u2019i jepte fund gjat\u00eb ver\u00ebs, por shqiptari nga Kosova nuk e kishte pranuar ndarjen.<\/p>\n<p>Ky i fundit kishte filluar ta p\u00ebrndiqte duke u shfaqur disa her\u00eb n\u00eb vendet ku ajo punonte, apo dhe n\u00eb sht\u00ebpin\u00eb e saj duke e k\u00ebrc\u00ebnuar se \u201cdo ta vriste\u201d n\u00eb rast se nuk ribashkoheshin.<\/p>\n<p>41-vje\u00e7ari nga Kosova donte q\u00eb e reja shtatz\u00ebn\u00eb t\u00eb ndahej nga partneri i saj dhe t\u00eb shkonte t\u00eb jetonte me t\u00eb n\u00eb San Vito di Altivole, pak kilometra nga Spineda di Riese Pio X (Treviso), ku ndodhi tragjedia.<\/p>\n","protected":false},"excerpt":{"rendered":"<p>Detaje t\u00eb reja jan\u00eb b\u00ebr\u00eb publike nga mediat italiane n\u00eb lidhje me 27-vje\u00e7aren Vanessa Ballan,&#8230;<\/p>\n","protected":false},"author":1,"featured_media":0,"comment_status":"open","ping_status":"open","sticky":false,"template":"","format":"standard","meta":{"om_disable_all_campaigns":false,"_monsterinsights_skip_tracking":false,"_monsterinsights_sitenote_active":false,"_monsterinsights_sitenote_note":"","_monsterinsights_sitenote_category":0,"_uf_show_specific_survey":0,"_uf_disable_surveys":false,"footnotes":""},"categories":[1],"tags":[],"class_list":["post-6715","post","type-post","status-publish","format-standard","hentry","category-uncategorized"],"aioseo_notices":[],"views":35,"_links":{"self":[{"href":"https:\/\/used82.com\/index.php?rest_route=\/wp\/v2\/posts\/6715","targetHints":{"allow":["GET"]}}],"collection":[{"href":"https:\/\/used82.com\/index.php?rest_route=\/wp\/v2\/posts"}],"about":[{"href":"https:\/\/used82.com\/index.php?rest_route=\/wp\/v2\/types\/post"}],"author":[{"embeddable":true,"href":"https:\/\/used82.com\/index.php?rest_route=\/wp\/v2\/users\/1"}],"replies":[{"embeddable":true,"href":"https:\/\/used82.com\/index.php?rest_route=%2Fwp%2Fv2%2Fcomments&post=6715"}],"version-history":[{"count":0,"href":"https:\/\/used82.com\/index.php?rest_route=\/wp\/v2\/posts\/6715\/revisions"}],"wp:attachment":[{"href":"https:\/\/used82.com\/index.php?rest_route=%2Fwp%2Fv2%2Fmedia&parent=6715"}],"wp:term":[{"taxonomy":"category","embeddable":true,"href":"https:\/\/used82.com\/index.php?rest_route=%2Fwp%2Fv2%2Fcategories&post=6715"},{"taxonomy":"post_tag","embeddable":true,"href":"https:\/\/used82.com\/index.php?rest_route=%2Fwp%2Fv2%2Ftags&post=6715"}],"curies":[{"name":"wp","href":"https:\/\/api.w.org\/{rel}","templated":true}]}}