{"id":6719,"date":"2023-12-24T20:41:05","date_gmt":"2023-12-24T20:41:05","guid":{"rendered":"https:\/\/used82.com\/?p=6719"},"modified":"2023-12-24T20:41:05","modified_gmt":"2023-12-24T20:41:05","slug":"dy-te-denuar-perjete-ushtaret-e-laert-haxhiut-kerkojne-pafajesi-ne-gjykaten-e-larte","status":"publish","type":"post","link":"https:\/\/used82.com\/?p=6719","title":{"rendered":"Dy t\u00eb d\u00ebnuar p\u00ebrjet\u00eb, \u201cushtar\u00ebt\u201d e Laert Haxhiut k\u00ebrkojn\u00eb pafaj\u00ebsi n\u00eb Gjykat\u00ebn e Lart\u00eb"},"content":{"rendered":"<p>Orges Bilbili dhe Anterio Kaloshi, t\u00eb d\u00ebnuar p\u00ebrjet\u00eb nga Gjykata e Posa\u00e7me, si autor\u00eb t\u00eb \u201cmasakr\u00ebs s\u00eb Lushnj\u00ebs\u201d, ku u vran\u00eb dy vet\u00eb e plagos\u00ebn dy t\u00eb tjer\u00eb, k\u00ebrkojn\u00eb pafaj\u00ebsi n\u00eb Gjykat\u00ebn e Lart\u00eb. N\u00eb k\u00ebt\u00eb gjykat\u00eb Bilbili e Kaloshi k\u00ebrkojn\u00eb shfuqizim t\u00eb vendimit t\u00eb Gjykat\u00ebs s\u00eb Posa\u00e7me dhe Apelit q\u00eb i mbyll\u00ebn p\u00ebrjet\u00eb n\u00eb qeli.<\/p>\n<p>Gjykata ka regjistruar rekursin e tyre n\u00eb 18 dhjetor, nd\u00ebrsa ende nuk \u00ebsht\u00eb caktuar nj\u00eb dat\u00eb p\u00ebr seanc\u00ebn e par\u00eb.<\/p>\n<p>Orges Bilbili e Anterio Kaloshi u faj\u00ebsuan si an\u00ebtar\u00eb t\u00eb nj\u00eb grupi kriminal t\u00eb krijuar dhe drejtuar nga Laert Haxhiu, i arrestuar n\u00eb Greqi n\u00eb maj t\u00eb k\u00ebtij viti.<\/p>\n<p>Sipas SPAK, ata ishin pjes\u00eb grupit kriminal q\u00eb mbr\u00ebmjen e 11 tetorit 2017 n\u00eb Lushnj\u00eb hap\u00ebn zjarr drejt nj\u00eb grupi personash, me q\u00ebllim vrasjen e Xhulio Shkurtit, nipit t\u00eb Aldo Bares.<\/p>\n<p>Nga t\u00eb sht\u00ebnat mbet\u00ebn t\u00eb vrar\u00eb Zamir Lafiti e Jurgen Hoxha dhe u plagos\u00ebn Marjus Xhepexhiu e Bujar Turku. \u201cSh\u00ebnjestra\u201d Shkurti i shp\u00ebtoi atentatit, pasi vet\u00ebm pak sekonda m\u00eb par\u00eb ishte futur n\u00eb nj\u00eb biznes pran\u00eb vendit t\u00eb ngjarjes.<\/p>\n<p>SPAK pretendon se grupi kriminal ishte krijuar nga Laert Haxhiu, i cili po gjykohet n\u00eb nj\u00eb proces t\u00eb ve\u00e7uar n\u00eb Gjykat\u00ebn e Pos\u00e7me.<\/p>\n<p>Nd\u00ebrkoh\u00eb, pas deklarimeve t\u00eb t\u00eb penduarit t\u00eb drejt\u00ebsis\u00eb, Artan Tafani, SPAK pretendon se ka dokumentuar 6 vrasje t\u00eb kryera nga grupi kriminal i drejtuar nga Haxhiu.<\/p>\n","protected":false},"excerpt":{"rendered":"<p>Orges Bilbili dhe Anterio Kaloshi, t\u00eb d\u00ebnuar p\u00ebrjet\u00eb nga Gjykata e Posa\u00e7me, si autor\u00eb t\u00eb&#8230;<\/p>\n","protected":false},"author":1,"featured_media":0,"comment_status":"open","ping_status":"open","sticky":false,"template":"","format":"standard","meta":{"om_disable_all_campaigns":false,"_monsterinsights_skip_tracking":false,"_monsterinsights_sitenote_active":false,"_monsterinsights_sitenote_note":"","_monsterinsights_sitenote_category":0,"_uf_show_specific_survey":0,"_uf_disable_surveys":false,"footnotes":""},"categories":[1],"tags":[],"class_list":["post-6719","post","type-post","status-publish","format-standard","hentry","category-uncategorized"],"aioseo_notices":[],"views":37,"_links":{"self":[{"href":"https:\/\/used82.com\/index.php?rest_route=\/wp\/v2\/posts\/6719","targetHints":{"allow":["GET"]}}],"collection":[{"href":"https:\/\/used82.com\/index.php?rest_route=\/wp\/v2\/posts"}],"about":[{"href":"https:\/\/used82.com\/index.php?rest_route=\/wp\/v2\/types\/post"}],"author":[{"embeddable":true,"href":"https:\/\/used82.com\/index.php?rest_route=\/wp\/v2\/users\/1"}],"replies":[{"embeddable":true,"href":"https:\/\/used82.com\/index.php?rest_route=%2Fwp%2Fv2%2Fcomments&post=6719"}],"version-history":[{"count":0,"href":"https:\/\/used82.com\/index.php?rest_route=\/wp\/v2\/posts\/6719\/revisions"}],"wp:attachment":[{"href":"https:\/\/used82.com\/index.php?rest_route=%2Fwp%2Fv2%2Fmedia&parent=6719"}],"wp:term":[{"taxonomy":"category","embeddable":true,"href":"https:\/\/used82.com\/index.php?rest_route=%2Fwp%2Fv2%2Fcategories&post=6719"},{"taxonomy":"post_tag","embeddable":true,"href":"https:\/\/used82.com\/index.php?rest_route=%2Fwp%2Fv2%2Ftags&post=6719"}],"curies":[{"name":"wp","href":"https:\/\/api.w.org\/{rel}","templated":true}]}}