{"id":6721,"date":"2023-12-24T20:46:00","date_gmt":"2023-12-24T20:46:00","guid":{"rendered":"https:\/\/used82.com\/?p=6721"},"modified":"2023-12-24T20:46:01","modified_gmt":"2023-12-24T20:46:01","slug":"vucic-kurti-kunder-zbatimit-te-marreveshjes","status":"publish","type":"post","link":"https:\/\/used82.com\/?p=6721","title":{"rendered":"Vu\u00e7i\u00e7: Kurti, kund\u00ebr zbatimit t\u00eb marr\u00ebveshjes"},"content":{"rendered":"<p><main><\/p>\n<div class=\"main_content clear\">\n<figure class=\"main_img single-lajme-main-img\">\n<div class=\"main_content clear\">\n<figure class=\"main_img single-lajme-main-img\">\n<main><\/p>\n<div class=\"main_content clear\">\n<figure class=\"main_img single-lajme-main-img\"><iframe loading=\"lazy\" class=\"entered litespeed-loaded\" title=\"Tv Klan - Vu\u00e7i\u00e7: Kurti, kund\u00ebr zbatimit t\u00eb marr\u00ebveshjes\" src=\"https:\/\/www.youtube.com\/embed\/6p06gElfbZo?feature=oembed\" width=\"854\" height=\"480\" frameborder=\"0\" allowfullscreen=\"allowfullscreen\" data-lazyloaded=\"1\" data-src=\"https:\/\/www.youtube.com\/embed\/6p06gElfbZo?feature=oembed\" data-ll-status=\"loaded\"><\/iframe><\/figure>\n<p><center><\/center><\/div>\n<p><\/main><\/figure>\n<p><center><\/center><\/div>\n<\/figure>\n<p><center><\/center><\/div>\n<p class=\"has-very-light-gray-to-cyan-bluish-gray-gradient-background has-background\"><strong>\u201cJo njohjes s\u00eb Kosov\u00ebs n\u00eb organizmat nd\u00ebrkomb\u00ebtare\u201d<\/strong><\/p>\n<p>Presidenti Aleksand\u00ebr Vu\u00e7i\u00e7 gjat\u00eb konferenc\u00ebs p\u00ebr mediat deklaroi se Serbia s\u2019do ta pranoj\u00eb asnj\u00eb dokument q\u00eb e detyron q\u00eb ta ndihmoj\u00eb Kosov\u00ebn t\u00eb an\u00ebtar\u00ebsohet n\u00eb Kombet e Bashkuara, organizatat, institucionet dhe agjencit\u00eb e OKB-s\u00eb.<\/p>\n<div>\n<div id=\"KLAN\">\n<div id=\"google_ads_iframe_\/137356148\/Mediadesk_TVKlan_0__container__\"><\/div>\n<\/div>\n<\/div>\n<p><em>\u201cPo e p\u00ebrs\u00ebris, Serbia nuk do te pranoj\u00eb asnj\u00eb dokument. As n\u00eb afatgjat\u00eb dhe as n\u00eb afatshkurt\u00ebr nuk do ta pranojm\u00eb nj\u00eb detyrim t\u00eb till\u00eb. Pres q\u00eb n\u00eb janar t\u00eb hapet nj\u00eb debat i gjer\u00eb\u201d.<\/em><\/p>\n<p>Vu\u00e7i\u00e7 akuzoi kryeministrin Albin Kurti p\u00ebr moszbatim t\u00eb marr\u00ebveshjeve t\u00eb arritura me nd\u00ebrmjet\u00ebsimin e Brukselit.<\/p>\n<p><em>\u201cSerbia do t\u00eb zbatoj\u00eb gjith\u00e7ka q\u00eb kemi th\u00ebn\u00eb, n\u00eb m\u00ebnyr\u00eb t\u00eb denj\u00eb, korrekte, por do t\u00eb presim edhe formimin e Asociacionit t\u00eb Komunave Serbe. Ne gjithmon\u00eb jemi p\u00ebrpjekur t\u00eb arrijm\u00eb nj\u00eb kompromis, do t\u00eb p\u00ebrpiqemi edhe n\u00eb t\u00eb ardhmen\u201d.<\/em><\/p>\n<p>Ai akuzoi Prishtin\u00ebn zyrtare dhe sa i p\u00ebrket ngjarjeve t\u00eb Banjsk\u00ebs, duke shtuar se po fshehin e autopsive t\u00eb tre serb\u00ebve t\u00eb vrar\u00eb n\u00eb sulmin terrorist t\u00eb 24 shtatorit ku humbi jet\u00ebn polici Afrim Bunjaku.<\/p>\n<p><\/main><\/p>\n","protected":false},"excerpt":{"rendered":"<p>\u201cJo njohjes s\u00eb Kosov\u00ebs n\u00eb organizmat nd\u00ebrkomb\u00ebtare\u201d Presidenti Aleksand\u00ebr Vu\u00e7i\u00e7 gjat\u00eb konferenc\u00ebs p\u00ebr mediat deklaroi&#8230;<\/p>\n","protected":false},"author":1,"featured_media":0,"comment_status":"open","ping_status":"open","sticky":false,"template":"","format":"standard","meta":{"om_disable_all_campaigns":false,"_monsterinsights_skip_tracking":false,"_monsterinsights_sitenote_active":false,"_monsterinsights_sitenote_note":"","_monsterinsights_sitenote_category":0,"_uf_show_specific_survey":0,"_uf_disable_surveys":false,"footnotes":""},"categories":[1],"tags":[],"class_list":["post-6721","post","type-post","status-publish","format-standard","hentry","category-uncategorized"],"aioseo_notices":[],"views":53,"_links":{"self":[{"href":"https:\/\/used82.com\/index.php?rest_route=\/wp\/v2\/posts\/6721","targetHints":{"allow":["GET"]}}],"collection":[{"href":"https:\/\/used82.com\/index.php?rest_route=\/wp\/v2\/posts"}],"about":[{"href":"https:\/\/used82.com\/index.php?rest_route=\/wp\/v2\/types\/post"}],"author":[{"embeddable":true,"href":"https:\/\/used82.com\/index.php?rest_route=\/wp\/v2\/users\/1"}],"replies":[{"embeddable":true,"href":"https:\/\/used82.com\/index.php?rest_route=%2Fwp%2Fv2%2Fcomments&post=6721"}],"version-history":[{"count":0,"href":"https:\/\/used82.com\/index.php?rest_route=\/wp\/v2\/posts\/6721\/revisions"}],"wp:attachment":[{"href":"https:\/\/used82.com\/index.php?rest_route=%2Fwp%2Fv2%2Fmedia&parent=6721"}],"wp:term":[{"taxonomy":"category","embeddable":true,"href":"https:\/\/used82.com\/index.php?rest_route=%2Fwp%2Fv2%2Fcategories&post=6721"},{"taxonomy":"post_tag","embeddable":true,"href":"https:\/\/used82.com\/index.php?rest_route=%2Fwp%2Fv2%2Ftags&post=6721"}],"curies":[{"name":"wp","href":"https:\/\/api.w.org\/{rel}","templated":true}]}}