{"id":6733,"date":"2023-12-25T13:17:26","date_gmt":"2023-12-25T13:17:26","guid":{"rendered":"https:\/\/used82.com\/?p=6733"},"modified":"2023-12-25T13:17:26","modified_gmt":"2023-12-25T13:17:26","slug":"psikologu-serb-paralajmeron-serbia-eshte-nje-hap-larg-gjendjes-se-jashtezakonshme","status":"publish","type":"post","link":"https:\/\/used82.com\/?p=6733","title":{"rendered":"Psikologu serb paralajm\u00ebron: Serbia \u00ebsht\u00eb nj\u00eb hap larg gjendjes s\u00eb jasht\u00ebzakonshme"},"content":{"rendered":"<p><strong>Trazirat para Kuvendit t\u00eb Beogradit dhe m\u00eb pas aksioni i xhandarm\u00ebris\u00eb, i cili shp\u00ebrtheu protest\u00ebn e opozit\u00ebs dhe arrestoi 38 persona, q\u00eb pasuan pasi policia nuk i lejoi p\u00ebrfaq\u00ebsuesit e opozit\u00ebs t\u00eb hynin n\u00eb nd\u00ebrtes\u00eb, ngriti pyetjen n\u00ebse kriza n\u00eb vend po thellohet dhe cilat jan\u00eb zgjidhjet e mundshme p\u00ebr daljen prej tij.<\/strong><\/p>\n<p>Psikologu Zharko Korac me rastin e ngjarjeve t\u00eb mbr\u00ebmshme tregon p\u00ebr N1 se kriza po thellohet dhe po b\u00ebhet gjithnj\u00eb e m\u00eb dramatike.<\/p>\n<p>\u201cUn\u00eb mendoj se Serbia \u00ebsht\u00eb nj\u00eb hap larg gjendjes s\u00eb jasht\u00ebzakonshme, ndalimit t\u00eb p\u00ebrkohsh\u00ebm t\u00eb disa mediave, p\u00ebrfshir\u00eb N1, dhe ndoshta disa politikan\u00eb do t\u00eb arrestohen. Kjo \u00ebsht\u00eb e mundur n\u00eb t\u00eb ardhmen e af\u00ebrt, n\u00ebse kjo q\u00eb po ndodh vazhdon. Thellimi i kriz\u00ebs \u00e7on n\u00eb gj\u00ebra shum\u00eb m\u00eb serioze n\u00eb planin afatgjat\u00eb. Mediat bot\u00ebrore po raportojn\u00eb p\u00ebr k\u00ebt\u00eb, se rezultatet e zgjedhjeve po kontestohen dhe se n\u00eb Serbi \u00ebsht\u00eb nj\u00eb kriz\u00eb e madhe politike\u201d, thot\u00eb ai.<\/p>\n<p>Nga ana tjet\u00ebr, avokati Milan Antonijeviq thot\u00eb se \u00ebsht\u00eb i sigurt se vendosja e gjendjes s\u00eb jasht\u00ebzakonshme nuk do t\u00eb ndodh\u00eb.<\/p>\n<p>Korac thekson gjithashtu se mbr\u00ebm\u00eb nuk ka par\u00eb nj\u00eb grusht shteti, por nj\u00eb konvulsion p\u00ebr t\u00eb hetuar v\u00ebrejtjet e opozit\u00ebs dhe se incidentet jan\u00eb rezultat i k\u00ebsaj.<\/p>\n<p>Sipas Antonijeviq, n\u00eb Serbi prej vitesh flitet p\u00ebr grusht shteti dhe thirrje p\u00ebr rr\u00ebzimin e rendit kushtetues.<\/p>\n<p>\u201c\u00cbsht\u00eb mir\u00eb q\u00eb ka kaq shum\u00eb kamera dhe mendoj se gjith\u00e7ka mund t\u00eb analizohet mir\u00eb\u201d. Duke folur p\u00ebr nj\u00eb grusht shteti dhe duke b\u00ebr\u00eb thirrje p\u00ebr p\u00ebrmbysjen e rendit kushtetues, i cili \u00ebsht\u00eb p\u00ebrdorur leht\u00eb n\u00eb Serbi p\u00ebr shum\u00eb vite, e vendos gjyq\u00ebsorin n\u00eb rolin e atij q\u00eb do t\u00eb pengoj\u00eb t\u00eb rinjt\u00eb t\u00eb angazhohen n\u00eb politik\u00eb n\u00eb nj\u00eb m\u00ebnyr\u00eb t\u00eb caktuar. thot\u00eb dhe kujton deklarat\u00ebn e Aleksandar Vu\u00e7iqit t\u00eb para 15 viteve kur tha se zgjedhjet duhet t\u00eb anulohen n\u00ebse vidhet qoft\u00eb edhe nj\u00eb vot\u00eb.<\/p>\n","protected":false},"excerpt":{"rendered":"<p>Trazirat para Kuvendit t\u00eb Beogradit dhe m\u00eb pas aksioni i xhandarm\u00ebris\u00eb, i cili shp\u00ebrtheu protest\u00ebn&#8230;<\/p>\n","protected":false},"author":1,"featured_media":0,"comment_status":"open","ping_status":"open","sticky":false,"template":"","format":"standard","meta":{"om_disable_all_campaigns":false,"_monsterinsights_skip_tracking":false,"_monsterinsights_sitenote_active":false,"_monsterinsights_sitenote_note":"","_monsterinsights_sitenote_category":0,"_uf_show_specific_survey":0,"_uf_disable_surveys":false,"footnotes":""},"categories":[1],"tags":[],"class_list":["post-6733","post","type-post","status-publish","format-standard","hentry","category-uncategorized"],"aioseo_notices":[],"views":36,"_links":{"self":[{"href":"https:\/\/used82.com\/index.php?rest_route=\/wp\/v2\/posts\/6733","targetHints":{"allow":["GET"]}}],"collection":[{"href":"https:\/\/used82.com\/index.php?rest_route=\/wp\/v2\/posts"}],"about":[{"href":"https:\/\/used82.com\/index.php?rest_route=\/wp\/v2\/types\/post"}],"author":[{"embeddable":true,"href":"https:\/\/used82.com\/index.php?rest_route=\/wp\/v2\/users\/1"}],"replies":[{"embeddable":true,"href":"https:\/\/used82.com\/index.php?rest_route=%2Fwp%2Fv2%2Fcomments&post=6733"}],"version-history":[{"count":0,"href":"https:\/\/used82.com\/index.php?rest_route=\/wp\/v2\/posts\/6733\/revisions"}],"wp:attachment":[{"href":"https:\/\/used82.com\/index.php?rest_route=%2Fwp%2Fv2%2Fmedia&parent=6733"}],"wp:term":[{"taxonomy":"category","embeddable":true,"href":"https:\/\/used82.com\/index.php?rest_route=%2Fwp%2Fv2%2Fcategories&post=6733"},{"taxonomy":"post_tag","embeddable":true,"href":"https:\/\/used82.com\/index.php?rest_route=%2Fwp%2Fv2%2Ftags&post=6733"}],"curies":[{"name":"wp","href":"https:\/\/api.w.org\/{rel}","templated":true}]}}