{"id":6741,"date":"2023-12-25T17:51:44","date_gmt":"2023-12-25T17:51:44","guid":{"rendered":"https:\/\/used82.com\/?p=6741"},"modified":"2023-12-25T17:51:44","modified_gmt":"2023-12-25T17:51:44","slug":"prokuror-mjaft-kemi-pritur-ish-diplomati-kosovar-kerkon-drejtesi-per-vdekjen-e-vellait-te-tij","status":"publish","type":"post","link":"https:\/\/used82.com\/?p=6741","title":{"rendered":"\u201cProkuror, mjaft kemi pritur\u201d \u2013 Ish-diplomati kosovar k\u00ebrkon drejt\u00ebsi p\u00ebr vdekjen e v\u00ebllait t\u00eb tij"},"content":{"rendered":"<p><strong>Sot jan\u00eb b\u00ebr\u00eb 7 vjet q\u00eb kur ish-diplomatit, Syl\u00eb Ukshini i ka vdekur v\u00ebllai n\u00eb aksident trafiku. Edhe sot, 7 vite pas vdekjes s\u00eb tij, ai po k\u00ebrkon drejt\u00ebsi. Po k\u00ebrkon nga prokuroria t\u2019i b\u00ebj\u00eb t\u00eb ditura rrethanat e k\u00ebtij aksidenti, shkruan Insajderi.<\/strong><\/p>\n<p>\u201cProkuror, mjaft kemi pritur\u201d, shkruan ai mes tjerash n\u00eb Facebook, teksa k\u00ebrkon q\u00eb personi, Xhevat Krasniqi q\u00eb sipas tij shkaktoi aksidentin t\u00eb dal\u00eb para drejt\u00ebsis\u00eb.<\/p>\n<p><strong>Reagimi i plot\u00eb, pa nd\u00ebrhyrje:<\/strong><\/p>\n<p>7 vjet pa ty!<br \/>\n7 vjet pa ty V\u00cbLLAU yn\u00eb i dashur! Vdekja t\u00eb rr\u00ebmbeu n\u00eb mosh\u00eb t\u00eb re dhe ne jemi krenar p\u00ebrgjithmon\u00eb p\u00ebr vlerat tuaja njer\u00ebzore.<br \/>\nIke n\u00eb heshtje n\u00eb nj\u00eb t\u00eb aksidentin fatal\u2026<br \/>\nSa m\u00eb shum\u00eb vite pa aty aq m\u00eb shum\u00eb e ndjejm\u00eb munges\u00ebn e pranis\u00eb t\u00ebnde, ndjejme boshll\u00ebkun kudo dhe kahdo \u2026. Dhoma e der\u00ebs t\u00ebnde rri hapur hapur, e pret kthimin t\u00ebnd\u00eb\u2026.sepse ishe larguar p\u00ebr t\u2019u kthyer v\u00eblla i dashur!<br \/>\nDo ta kujtojm\u00eb urt\u00ebsin\u00eb t\u00ebnde t\u00eb ve\u00e7ant\u00eb, buz\u00ebqeshja jote engj\u00ebllore, e cila t\u00eb shoq\u00ebroi deri n\u00eb fund edhe n\u00eb nat\u00ebn fatale\u2026<br \/>\nDo t\u00eb jesh p\u00ebrgjithmon\u00eb n\u00eb zemr\u00ebn ton\u00eb<img decoding=\"async\" class=\"emoji\" role=\"img\" draggable=\"false\" src=\"https:\/\/s.w.org\/images\/core\/emoji\/14.0.0\/svg\/1f64f.svg\" alt=\"\ud83d\ude4f\" \/><img decoding=\"async\" class=\"emoji\" role=\"img\" draggable=\"false\" src=\"https:\/\/s.w.org\/images\/core\/emoji\/14.0.0\/svg\/1f64f.svg\" alt=\"\ud83d\ude4f\" \/><br \/>\nThirrje p\u00ebr Prokurorin!: Edhe pas 7 vitesh familja jon\u00eb pret drejt\u00ebsi p\u00ebr vdekjen t\u00ebnde fatale n\u00eb k\u00ebt\u00eb nat\u00eb dhjetori!<br \/>\nEdje 7 vjet pas ikjes t\u00ebnde ne presim prokurorin e rastit t\u00eb na sqaroj rrethanat e vdekjes tende ne naten e 25 dhejtorit . Ne edhe 7 vjet me von\u00eb presim q\u00eb autori i aksidentit Xhevat Krasniqi t\u00eb dal\u00eb para drejt\u00ebsis\u00eb!<br \/>\nProkuror, mjaft kemi pritur apo z. Prokuror!<\/p>\n<p><iframe loading=\"lazy\" src=\"https:\/\/www.facebook.com\/plugins\/post.php?href=https%3A%2F%2Fwww.facebook.com%2Fsyle.ukshini.5%2Fposts%2Fpfbid0HrP1TVr6aL88m396zoaTEe4G3J8A3Wb7jShyh5sifEXrZXLTFFKNn2EmnF6xjdqil&amp;show_text=true&amp;width=500\" width=\"500\" height=\"787\" frameborder=\"0\" scrolling=\"no\" allowfullscreen=\"allowfullscreen\" data-mce-fragment=\"1\"><\/iframe><\/p>\n<div class=\"des-adv shteti\"><\/div>\n","protected":false},"excerpt":{"rendered":"<p>Sot jan\u00eb b\u00ebr\u00eb 7 vjet q\u00eb kur ish-diplomatit, Syl\u00eb Ukshini i ka vdekur v\u00ebllai n\u00eb&#8230;<\/p>\n","protected":false},"author":1,"featured_media":0,"comment_status":"open","ping_status":"open","sticky":false,"template":"","format":"standard","meta":{"om_disable_all_campaigns":false,"_monsterinsights_skip_tracking":false,"_monsterinsights_sitenote_active":false,"_monsterinsights_sitenote_note":"","_monsterinsights_sitenote_category":0,"_uf_show_specific_survey":0,"_uf_disable_surveys":false,"footnotes":""},"categories":[1],"tags":[],"class_list":["post-6741","post","type-post","status-publish","format-standard","hentry","category-uncategorized"],"aioseo_notices":[],"views":72,"_links":{"self":[{"href":"https:\/\/used82.com\/index.php?rest_route=\/wp\/v2\/posts\/6741","targetHints":{"allow":["GET"]}}],"collection":[{"href":"https:\/\/used82.com\/index.php?rest_route=\/wp\/v2\/posts"}],"about":[{"href":"https:\/\/used82.com\/index.php?rest_route=\/wp\/v2\/types\/post"}],"author":[{"embeddable":true,"href":"https:\/\/used82.com\/index.php?rest_route=\/wp\/v2\/users\/1"}],"replies":[{"embeddable":true,"href":"https:\/\/used82.com\/index.php?rest_route=%2Fwp%2Fv2%2Fcomments&post=6741"}],"version-history":[{"count":0,"href":"https:\/\/used82.com\/index.php?rest_route=\/wp\/v2\/posts\/6741\/revisions"}],"wp:attachment":[{"href":"https:\/\/used82.com\/index.php?rest_route=%2Fwp%2Fv2%2Fmedia&parent=6741"}],"wp:term":[{"taxonomy":"category","embeddable":true,"href":"https:\/\/used82.com\/index.php?rest_route=%2Fwp%2Fv2%2Fcategories&post=6741"},{"taxonomy":"post_tag","embeddable":true,"href":"https:\/\/used82.com\/index.php?rest_route=%2Fwp%2Fv2%2Ftags&post=6741"}],"curies":[{"name":"wp","href":"https:\/\/api.w.org\/{rel}","templated":true}]}}