{"id":6743,"date":"2023-12-25T17:53:22","date_gmt":"2023-12-25T17:53:22","guid":{"rendered":"https:\/\/used82.com\/?p=6743"},"modified":"2023-12-25T17:53:22","modified_gmt":"2023-12-25T17:53:22","slug":"policia-dyshon-se-shkaktar-i-vdekjes-se-biznesmenit-dhe-gruas-se-tij-ne-junik-ishte-rryma","status":"publish","type":"post","link":"https:\/\/used82.com\/?p=6743","title":{"rendered":"Policia dyshon se shkaktar i vdekjes s\u00eb biznesmenit dhe gruas s\u00eb tij n\u00eb Junik ishte rryma"},"content":{"rendered":"<p><strong>Mic Tofaj<\/strong>,\u00a0<strong>pronar i fabrik\u00ebs s\u00eb ujit \u201cJuniku\u201d<\/strong>,\u00a0<strong>ka humbur jet\u00ebn bashk\u00eb me gruan e tij n\u00eb Bjeshk\u00ebt e Junikut dit\u00ebn e s\u00eb h\u00ebn\u00ebs.<\/strong><\/p>\n<p>K\u00ebt\u00eb p\u00ebr Insajderin e ka konfirmuar z\u00ebdh\u00ebn\u00ebsi i Policis\u00eb, Fadil Gashi. Ai b\u00ebri t\u00eb ditur se shkaktar i vdekjes s\u00eb tyre dyshohet t\u00eb ket\u00eb qen\u00eb energjia elektrike.<\/p>\n<p><em>\u201cRreth or\u00ebs 11:30 stacioni policor n\u00eb Junik \u00ebsht\u00eb njoftuar se n\u00eb Bjeshk\u00ebt e Junikut kan\u00eb vdekur burr\u00eb dhe grua. N\u00eb vend t\u00eb ngjarjes kan\u00eb dal komandanti dhe polic\u00ebt e stacionit n\u00eb Junik. Vdekjen e ka konstatuar mjeku i qendr\u00ebs s\u00eb mjek\u00ebsis\u00eb familjare.\u00a0<strong>Dyshohet se shkaktar ka qen\u00eb energjia elektrike<\/strong>\u201d<\/em>, tha ai.<\/p>\n<p>Detaje p\u00ebr rastin p\u00ebr Insajderin ka dh\u00ebn\u00eb edhe z\u00ebdh\u00ebn\u00ebsi i Prokuroris\u00eb n\u00eb Pej\u00eb, Shkodran Nikci.<\/p>\n<p>Ai shtoi se jan\u00eb duke i hetuar arsyet q\u00eb \u00e7uan n\u00eb vdekjen e tyre.<\/p>\n<p>\u201cJan\u00eb dy trupa t\u00eb pajet\u00eb q\u00eb jan\u00eb gjetur n\u00eb nj\u00eb sht\u00ebpi banimi n\u00eb Bjeshk\u00ebt e Junikut. Prokurori i Krimeve t\u00eb R\u00ebnda \u00ebsht\u00eb duke shkuar n\u00eb vendin e ngjarjes. Nj\u00ebsitet relevante policore do t\u00eb b\u00ebjn\u00eb hetim rreth shkakut t\u00eb vdekjes s\u00eb tyre. Dy trupat e pajet\u00eb do t\u00eb d\u00ebrgohen p\u00ebr autopsi n\u00eb Mjek\u00ebsin\u00eb Ligjore\u201d, deklaroi ai.<\/p>\n<p>Mediat lokale kan\u00eb b\u00ebr\u00eb me dije se b\u00ebhet fjal\u00eb p\u00ebr pronarin e fabrik\u00ebs s\u00eb ujit, \u201cJuniku\u201d, Mic Tofaj dhe bashk\u00ebshorten e tij.<\/p>\n","protected":false},"excerpt":{"rendered":"<p>Mic Tofaj,\u00a0pronar i fabrik\u00ebs s\u00eb ujit \u201cJuniku\u201d,\u00a0ka humbur jet\u00ebn bashk\u00eb me gruan e tij n\u00eb&#8230;<\/p>\n","protected":false},"author":1,"featured_media":0,"comment_status":"open","ping_status":"open","sticky":false,"template":"","format":"standard","meta":{"om_disable_all_campaigns":false,"_monsterinsights_skip_tracking":false,"_monsterinsights_sitenote_active":false,"_monsterinsights_sitenote_note":"","_monsterinsights_sitenote_category":0,"_uf_show_specific_survey":0,"_uf_disable_surveys":false,"footnotes":""},"categories":[1],"tags":[],"class_list":["post-6743","post","type-post","status-publish","format-standard","hentry","category-uncategorized"],"aioseo_notices":[],"views":35,"_links":{"self":[{"href":"https:\/\/used82.com\/index.php?rest_route=\/wp\/v2\/posts\/6743","targetHints":{"allow":["GET"]}}],"collection":[{"href":"https:\/\/used82.com\/index.php?rest_route=\/wp\/v2\/posts"}],"about":[{"href":"https:\/\/used82.com\/index.php?rest_route=\/wp\/v2\/types\/post"}],"author":[{"embeddable":true,"href":"https:\/\/used82.com\/index.php?rest_route=\/wp\/v2\/users\/1"}],"replies":[{"embeddable":true,"href":"https:\/\/used82.com\/index.php?rest_route=%2Fwp%2Fv2%2Fcomments&post=6743"}],"version-history":[{"count":0,"href":"https:\/\/used82.com\/index.php?rest_route=\/wp\/v2\/posts\/6743\/revisions"}],"wp:attachment":[{"href":"https:\/\/used82.com\/index.php?rest_route=%2Fwp%2Fv2%2Fmedia&parent=6743"}],"wp:term":[{"taxonomy":"category","embeddable":true,"href":"https:\/\/used82.com\/index.php?rest_route=%2Fwp%2Fv2%2Fcategories&post=6743"},{"taxonomy":"post_tag","embeddable":true,"href":"https:\/\/used82.com\/index.php?rest_route=%2Fwp%2Fv2%2Ftags&post=6743"}],"curies":[{"name":"wp","href":"https:\/\/api.w.org\/{rel}","templated":true}]}}