{"id":6745,"date":"2023-12-25T17:55:07","date_gmt":"2023-12-25T17:55:07","guid":{"rendered":"https:\/\/used82.com\/?p=6745"},"modified":"2023-12-25T17:55:07","modified_gmt":"2023-12-25T17:55:07","slug":"protestuesit-bllokojne-rruget-e-beogradit-keto-jane-pamjet","status":"publish","type":"post","link":"https:\/\/used82.com\/?p=6745","title":{"rendered":"Protestuesit bllokojn\u00eb rrug\u00ebt e Beogradit, k\u00ebto jan\u00eb pamjet"},"content":{"rendered":"<p><strong>Nj\u00eb grup student\u00ebsh, qytetar\u00ebsh dhe p\u00ebrfaq\u00ebsuesish t\u00eb partive opozitare u mblodh\u00ebn p\u00ebrpara Ministris\u00eb e Administrat\u00ebs Shtet\u00ebrore dhe Vet\u00ebqeverisjes Lokale n\u00eb rrug\u00ebn Bir\u00e7aninova t\u00eb Beogradit t\u00eb Serbis\u00eb, duke bllokuar rrug\u00ebn nga mesdita, para se t\u00eb bllokojn\u00eb rrug\u00ebn Kneza Millosh pak para or\u00ebs 14:00. Ata k\u00ebrkojn\u00eb nj\u00eb pasqyr\u00eb t\u00eb list\u00ebs zgjedhore p\u00ebr zgjedhjet parlamentare t\u00eb 17 dhjetorit n\u00eb Serbi.<\/strong><\/p>\n<p>Sipas Danasit, p\u00ebrcjell Gazeta Insajderi, protestuesit vendos\u00ebn t\u00eb l\u00ebvizin pran\u00eb nd\u00ebrtes\u00ebs s\u00eb Qeveris\u00eb.<\/p>\n<p>T\u00eb tubuarit vendos\u00ebn pankarta n\u00eb form\u00ebn e kartelave t\u00eb identitetit t\u00eb p\u00ebrfaq\u00ebsuesve t\u00eb qeveris\u00eb si Vladimir Orliq, Ana Brnabiq, Aleksandar Vu\u00e7iq\u2026<\/p>\n<p>Mbr\u00ebm\u00eb u arrestuan 35 protestues serb\u00eb n\u00eb m\u00ebnyr\u00eb t\u00eb dhunshme nga aparati i Vu\u00e7iqit.<\/p>\n<p><strong>Pamjet nga protesta:<\/strong><\/p>\n<figure class=\"wp-block-image size-full\"><img loading=\"lazy\" decoding=\"async\" class=\"wp-image-1729638\" src=\"https:\/\/insajderi.org\/wp-content\/uploads\/2023\/12\/p1.webp\" sizes=\"auto, (max-width: 1000px) 100vw, 1000px\" srcset=\"https:\/\/insajderi.org\/wp-content\/uploads\/2023\/12\/p1.webp 1000w, https:\/\/insajderi.org\/wp-content\/uploads\/2023\/12\/p1-768x430.webp 768w\" alt=\"\" width=\"1000\" height=\"560\" \/><\/figure>\n<figure class=\"wp-block-image size-full\"><img loading=\"lazy\" decoding=\"async\" class=\"wp-image-1729639\" src=\"https:\/\/insajderi.org\/wp-content\/uploads\/2023\/12\/2-19.jpg\" sizes=\"auto, (max-width: 970px) 100vw, 970px\" srcset=\"https:\/\/insajderi.org\/wp-content\/uploads\/2023\/12\/2-19.jpg 970w, https:\/\/insajderi.org\/wp-content\/uploads\/2023\/12\/2-19-768x589.jpg 768w\" alt=\"\" width=\"970\" height=\"744\" \/><\/figure>\n<figure class=\"wp-block-image size-full\"><img loading=\"lazy\" decoding=\"async\" class=\"wp-image-1729640\" src=\"https:\/\/insajderi.org\/wp-content\/uploads\/2023\/12\/3-16.jpg\" sizes=\"auto, (max-width: 1001px) 100vw, 1001px\" srcset=\"https:\/\/insajderi.org\/wp-content\/uploads\/2023\/12\/3-16.jpg 1001w, https:\/\/insajderi.org\/wp-content\/uploads\/2023\/12\/3-16-768x418.jpg 768w\" alt=\"\" width=\"1001\" height=\"545\" \/><\/figure>\n<figure class=\"wp-block-image size-full\"><img loading=\"lazy\" decoding=\"async\" class=\"wp-image-1729641\" src=\"https:\/\/insajderi.org\/wp-content\/uploads\/2023\/12\/4-10.jpg\" sizes=\"auto, (max-width: 994px) 100vw, 994px\" srcset=\"https:\/\/insajderi.org\/wp-content\/uploads\/2023\/12\/4-10.jpg 994w, https:\/\/insajderi.org\/wp-content\/uploads\/2023\/12\/4-10-768x437.jpg 768w\" alt=\"\" width=\"994\" height=\"566\" \/><\/figure>\n<div class=\"des-adv jashtshteti\"><\/div>\n","protected":false},"excerpt":{"rendered":"<p>Nj\u00eb grup student\u00ebsh, qytetar\u00ebsh dhe p\u00ebrfaq\u00ebsuesish t\u00eb partive opozitare u mblodh\u00ebn p\u00ebrpara Ministris\u00eb e Administrat\u00ebs&#8230;<\/p>\n","protected":false},"author":1,"featured_media":0,"comment_status":"open","ping_status":"open","sticky":false,"template":"","format":"standard","meta":{"om_disable_all_campaigns":false,"_monsterinsights_skip_tracking":false,"_monsterinsights_sitenote_active":false,"_monsterinsights_sitenote_note":"","_monsterinsights_sitenote_category":0,"_uf_show_specific_survey":0,"_uf_disable_surveys":false,"footnotes":""},"categories":[1],"tags":[],"class_list":["post-6745","post","type-post","status-publish","format-standard","hentry","category-uncategorized"],"aioseo_notices":[],"views":35,"_links":{"self":[{"href":"https:\/\/used82.com\/index.php?rest_route=\/wp\/v2\/posts\/6745","targetHints":{"allow":["GET"]}}],"collection":[{"href":"https:\/\/used82.com\/index.php?rest_route=\/wp\/v2\/posts"}],"about":[{"href":"https:\/\/used82.com\/index.php?rest_route=\/wp\/v2\/types\/post"}],"author":[{"embeddable":true,"href":"https:\/\/used82.com\/index.php?rest_route=\/wp\/v2\/users\/1"}],"replies":[{"embeddable":true,"href":"https:\/\/used82.com\/index.php?rest_route=%2Fwp%2Fv2%2Fcomments&post=6745"}],"version-history":[{"count":0,"href":"https:\/\/used82.com\/index.php?rest_route=\/wp\/v2\/posts\/6745\/revisions"}],"wp:attachment":[{"href":"https:\/\/used82.com\/index.php?rest_route=%2Fwp%2Fv2%2Fmedia&parent=6745"}],"wp:term":[{"taxonomy":"category","embeddable":true,"href":"https:\/\/used82.com\/index.php?rest_route=%2Fwp%2Fv2%2Fcategories&post=6745"},{"taxonomy":"post_tag","embeddable":true,"href":"https:\/\/used82.com\/index.php?rest_route=%2Fwp%2Fv2%2Ftags&post=6745"}],"curies":[{"name":"wp","href":"https:\/\/api.w.org\/{rel}","templated":true}]}}