{"id":6749,"date":"2023-12-25T18:01:58","date_gmt":"2023-12-25T18:01:58","guid":{"rendered":"https:\/\/used82.com\/?p=6749"},"modified":"2023-12-25T18:01:58","modified_gmt":"2023-12-25T18:01:58","slug":"pas-mungeses-ne-dasme-balina-zbulon-marredhenien-me-arbanen-a-do-e-shohim-opinioniste-ne-bbv3","status":"publish","type":"post","link":"https:\/\/used82.com\/?p=6749","title":{"rendered":"Pas munges\u00ebs n\u00eb dasm\u00eb, Balina zbulon marr\u00ebdh\u00ebnien me Arban\u00ebn, a do e shohim opinioniste n\u00eb BBV3?"},"content":{"rendered":"<p>Balina Bodinaku ka qen\u00eb e ftuar n\u00eb studion e \u201cM\u00eb l\u00ebr t\u00eb flas\u201d, ku ka rr\u00ebfyer si ka qen\u00eb ky vit p\u00ebr t\u00eb. Ajo \u00ebsht\u00eb pyetur lidhur me faktin q\u00eb Arbana nuk e ftoi n\u00eb dasm\u00ebn e saj me Eduartin k\u00ebt\u00eb ver\u00eb, nd\u00ebrsa ish-kolegu i Balin\u00ebs, Arb\u00ebr Hajdari, ishte i ftuar.<\/p>\n<p>Balina tha se dasmat jan\u00eb p\u00ebr njer\u00ebzit e af\u00ebrt e miqt\u00eb e ngusht\u00eb dhe kjo \u00ebsht\u00eb arsyeja pse nuk \u00ebsht\u00eb ftuar, duke zbuluar se nuk ka ndonj\u00eb raport t\u00eb af\u00ebrt me moderatoren.<\/p>\n<p>E pyetur n\u00ebse do t\u00eb jet\u00eb opinioniste k\u00ebt\u00eb sezon t\u00eb Big Brother VIP, Balina tha se nuk di asgj\u00eb ende.<\/p>\n","protected":false},"excerpt":{"rendered":"<p>Balina Bodinaku ka qen\u00eb e ftuar n\u00eb studion e \u201cM\u00eb l\u00ebr t\u00eb flas\u201d, ku ka&#8230;<\/p>\n","protected":false},"author":1,"featured_media":0,"comment_status":"open","ping_status":"open","sticky":false,"template":"","format":"standard","meta":{"om_disable_all_campaigns":false,"_monsterinsights_skip_tracking":false,"_monsterinsights_sitenote_active":false,"_monsterinsights_sitenote_note":"","_monsterinsights_sitenote_category":0,"_uf_show_specific_survey":0,"_uf_disable_surveys":false,"footnotes":""},"categories":[1],"tags":[],"class_list":["post-6749","post","type-post","status-publish","format-standard","hentry","category-uncategorized"],"aioseo_notices":[],"views":49,"_links":{"self":[{"href":"https:\/\/used82.com\/index.php?rest_route=\/wp\/v2\/posts\/6749","targetHints":{"allow":["GET"]}}],"collection":[{"href":"https:\/\/used82.com\/index.php?rest_route=\/wp\/v2\/posts"}],"about":[{"href":"https:\/\/used82.com\/index.php?rest_route=\/wp\/v2\/types\/post"}],"author":[{"embeddable":true,"href":"https:\/\/used82.com\/index.php?rest_route=\/wp\/v2\/users\/1"}],"replies":[{"embeddable":true,"href":"https:\/\/used82.com\/index.php?rest_route=%2Fwp%2Fv2%2Fcomments&post=6749"}],"version-history":[{"count":0,"href":"https:\/\/used82.com\/index.php?rest_route=\/wp\/v2\/posts\/6749\/revisions"}],"wp:attachment":[{"href":"https:\/\/used82.com\/index.php?rest_route=%2Fwp%2Fv2%2Fmedia&parent=6749"}],"wp:term":[{"taxonomy":"category","embeddable":true,"href":"https:\/\/used82.com\/index.php?rest_route=%2Fwp%2Fv2%2Fcategories&post=6749"},{"taxonomy":"post_tag","embeddable":true,"href":"https:\/\/used82.com\/index.php?rest_route=%2Fwp%2Fv2%2Ftags&post=6749"}],"curies":[{"name":"wp","href":"https:\/\/api.w.org\/{rel}","templated":true}]}}