{"id":6759,"date":"2023-12-26T12:31:32","date_gmt":"2023-12-26T12:31:32","guid":{"rendered":"https:\/\/used82.com\/?p=6759"},"modified":"2023-12-26T12:31:32","modified_gmt":"2023-12-26T12:31:32","slug":"zbardhet-kerkesa-e-spak-per-berishen-reagon-avokati","status":"publish","type":"post","link":"https:\/\/used82.com\/?p=6759","title":{"rendered":"Zbardhet k\u00ebrkesa e SPAK p\u00ebr Berish\u00ebn, reagon avokati"},"content":{"rendered":"<p><strong>\u00cbsht\u00eb shtyr\u00eb seanca e mbajtur dit\u00ebn e sotme n\u00eb Gjykat\u00ebn e Posa\u00e7me GJKKO p\u00ebr caktimin e mas\u00ebs s\u00eb siguris\u00eb ndaj ish-kryeministrit Sali Berisha.<\/strong><\/p>\n<p>N\u00eb k\u00ebrkes\u00ebn e prezantuar sot n\u00eb gjykat\u00eb, SPAK ka k\u00ebrkuar shtr\u00ebngimin e mas\u00ebs s\u00eb siguris\u00eb arrest sht\u00ebpie p\u00ebr Berish\u00ebn me mbik\u00ebqyrje t\u00eb punonj\u00ebsve t\u00eb Policis\u00eb s\u00eb Shtetit.<\/p>\n<p>Por kjo mas\u00eb p\u00ebr avokatin e tij Genc Gjokutaj \u00ebsht\u00eb e paligjshme.<\/p>\n<p>\u201cSeanca e sotme kishte t\u00eb b\u00ebnte me k\u00ebrkes\u00ebn e SPAK p\u00ebr z\u00ebvend\u00ebsimin e mas\u00ebs ndaj ish-Kryeministrit Berisha n\u00eb arrest sht\u00ebpie. Ne i k\u00ebrkuam seanc\u00ebs t\u00eb jepte dor\u00ebheqjen, p\u00ebr shkakan tashm\u00eb t\u00eb b\u00ebr\u00eb t\u00eb ditur p\u00ebr shkak t\u00eb nj\u00ebanshm\u00ebris\u00eb. Ajo nuk u shpreh as pro as kund\u00ebr. P\u00ebrpara seanc\u00eb ne kemi dor\u00ebzuar n\u00eb sekretarin\u00eb e gjykat\u00ebs k\u00ebrkes\u00ebn me t\u00eb gjitha provat, q\u00eb provojn\u00eb faktin q\u00eb Berisha ka qen\u00eb kreu i KLD dhe n\u00eb vitin 1996, n\u00eb shkurt, gjyqtarja e \u00e7\u00ebshtjes ishte shkarkuar. Ajo q\u00eb dua t\u00eb denoncoj n\u00eb paligjshm\u00ebrin\u00eb e k\u00ebrkes\u00ebs s\u00eb prokuror\u00ebve \u00ebsht\u00eb q\u00eb ndryshimi i mas\u00ebs s\u00eb siguris\u00eb \u00ebsht\u00eb k\u00ebrkuar me mbik\u00ebqyrje policore, pra, arrest n\u00eb sht\u00ebpi, me mbik\u00ebqyrje policore, e \u00a0pamb\u00ebshtetur n\u00eb ligj \u00e7ka tregon q\u00ebllimin e SPAK dhe k\u00ebsaj gjykate jo p\u00ebr t\u00eb b\u00ebr\u00eb nj\u00eb prov\u00ebs t\u00eb ligjsh\u00ebm por p\u00ebr t\u2019u hakmarr\u00eb p\u00ebr nevoja joligjore. K\u00ebrkesa \u00ebsht\u00eb e paparashikuar n\u00eb ligj k\u00ebrkesa q\u00eb kan\u00eb b\u00ebr\u00eb prokuror\u00ebt e SPAK\u201d, tha Gjokutaj.<\/p>\n<p>Ai shtoi se kjo mas\u00eb, q\u00eb k\u00ebrkon SPAK, mund t\u00eb caktohet vet\u00eb p\u00ebr persona me rrezikshm\u00ebri t\u00eb lart\u00eb shoq\u00ebrore.<\/p>\n<p>\u201cKjo q\u00eb thoni \u00ebsht\u00eb p\u00ebr persona shoq\u00ebrisht t\u00eb rreziksh\u00ebm dhe kan\u00eb v\u00ebn\u00eb mbrojtje policore. Kur k\u00ebrkesa \u00ebsht\u00eb joligjore nuk ka argument. K\u00ebrkesa e SPAK \u00ebsht\u00eb n\u00eb banes\u00eb. Nuk kemi paraqitur k\u00ebrkes\u00eb, kur ta paraqesim do t\u2019ju themi\u201d, tha ai.<\/p>\n","protected":false},"excerpt":{"rendered":"<p>\u00cbsht\u00eb shtyr\u00eb seanca e mbajtur dit\u00ebn e sotme n\u00eb Gjykat\u00ebn e Posa\u00e7me GJKKO p\u00ebr caktimin&#8230;<\/p>\n","protected":false},"author":1,"featured_media":0,"comment_status":"open","ping_status":"open","sticky":false,"template":"","format":"standard","meta":{"om_disable_all_campaigns":false,"_monsterinsights_skip_tracking":false,"_monsterinsights_sitenote_active":false,"_monsterinsights_sitenote_note":"","_monsterinsights_sitenote_category":0,"_uf_show_specific_survey":0,"_uf_disable_surveys":false,"footnotes":""},"categories":[1],"tags":[],"class_list":["post-6759","post","type-post","status-publish","format-standard","hentry","category-uncategorized"],"aioseo_notices":[],"views":61,"_links":{"self":[{"href":"https:\/\/used82.com\/index.php?rest_route=\/wp\/v2\/posts\/6759","targetHints":{"allow":["GET"]}}],"collection":[{"href":"https:\/\/used82.com\/index.php?rest_route=\/wp\/v2\/posts"}],"about":[{"href":"https:\/\/used82.com\/index.php?rest_route=\/wp\/v2\/types\/post"}],"author":[{"embeddable":true,"href":"https:\/\/used82.com\/index.php?rest_route=\/wp\/v2\/users\/1"}],"replies":[{"embeddable":true,"href":"https:\/\/used82.com\/index.php?rest_route=%2Fwp%2Fv2%2Fcomments&post=6759"}],"version-history":[{"count":0,"href":"https:\/\/used82.com\/index.php?rest_route=\/wp\/v2\/posts\/6759\/revisions"}],"wp:attachment":[{"href":"https:\/\/used82.com\/index.php?rest_route=%2Fwp%2Fv2%2Fmedia&parent=6759"}],"wp:term":[{"taxonomy":"category","embeddable":true,"href":"https:\/\/used82.com\/index.php?rest_route=%2Fwp%2Fv2%2Fcategories&post=6759"},{"taxonomy":"post_tag","embeddable":true,"href":"https:\/\/used82.com\/index.php?rest_route=%2Fwp%2Fv2%2Ftags&post=6759"}],"curies":[{"name":"wp","href":"https:\/\/api.w.org\/{rel}","templated":true}]}}