{"id":6761,"date":"2023-12-26T12:32:58","date_gmt":"2023-12-26T12:32:58","guid":{"rendered":"https:\/\/used82.com\/?p=6761"},"modified":"2023-12-26T12:32:58","modified_gmt":"2023-12-26T12:32:58","slug":"keto-jane-pasojat-ne-rast-te-shkeljeve-te-rregullave-te-udhetimit-pa-viza","status":"publish","type":"post","link":"https:\/\/used82.com\/?p=6761","title":{"rendered":"K\u00ebto jan\u00eb pasojat n\u00eb rast t\u00eb shkeljeve t\u00eb rregullave t\u00eb udh\u00ebtimit pa viza"},"content":{"rendered":"<p>Pak dit\u00eb para liberalizimit t\u00eb vizave, qytetar\u00ebt e Kosov\u00ebs jan\u00eb duke u informuar n\u00eb vazhdim\u00ebsi p\u00ebr dokumentet e nevojshme q\u00eb duhet pasur para udh\u00ebtimit p\u00ebr n\u00eb zon\u00ebn Shengen.<\/p>\n<p>Por, faqja e Integrimit Evropian p\u00ebr Kosov\u00ebn, ka dh\u00ebn\u00eb edhe detaje t\u00eb tjera se se cilat do t\u00eb jen\u00eb pasojat n\u00eb rast t\u00eb shkeljeve t\u00eb rregullave t\u00eb udh\u00ebtimit pa viza.<\/p>\n<p>N\u00ebse ju q\u00ebndroni n\u00eb zon\u00ebn Shengen p\u00ebr m\u00eb shum\u00eb se 90 dit\u00eb (pa leje q\u00ebndrimi ose viz\u00eb q\u00ebndrimi afatgjat\u00eb) at\u00ebher\u00eb ju jeni i\/e pranishme n\u00eb m\u00ebnyr\u00eb t\u00eb paligjshme, \u00a0gj\u00eb q\u00eb mund t\u00eb rezultoj\u00eb n\u00eb nj\u00eb ndalim t\u00eb udh\u00ebtimit n\u00eb zon\u00ebn Shengen.<ins><\/ins><\/p>\n<p>T\u00eb punohet n\u00eb zon\u00ebn Shengen pa leje pune \u00ebsht\u00eb gjithashtu e paligjshme (edhe n\u00ebse \u00ebsht\u00eb m\u00eb pak se 90 dit\u00eb) dhe gjithashtu mund t\u00eb rezultoj\u00eb n\u00eb nj\u00eb ndalim t\u00eb rihyrjes n\u00eb zon\u00ebn Shengen.<\/p>\n<p>N\u00eb var\u00ebsi t\u00eb shtetit an\u00ebtar, mund t\u00eb zbatohen edhe gjoba administrative dhe financiare.<\/p>\n<p>N\u00eb rast t\u00eb shkeljeve eventuale dhe abuzimit t\u00eb udh\u00ebtimit pa viz\u00eb, pasojat personale p\u00ebrfshijn\u00eb: shqiptimin e gjob\u00ebs financiare dhe sh\u00ebnim zyrtar n\u00eb pasaport\u00ebn dhe dosjen tuaj ku figuron shkelja n\u00eb sistemin Shengen si dhe ndalimi i hyrjes n\u00eb zon\u00ebn Shengen deri n\u00eb 5 vite.<\/p>\n<p><iframe loading=\"lazy\" src=\"https:\/\/www.facebook.com\/plugins\/post.php?href=https%3A%2F%2Fwww.facebook.com%2FEIRepublicofKosovo%2Fposts%2Fpfbid0oCkL3vJ5qUbNxgAm5NSrjzm2VA6U2SNa4e6cRKN8X1hwttdgtKWFbeUPUi8n7yLsl&amp;show_text=true&amp;width=500\" width=\"500\" height=\"712\" frameborder=\"0\" scrolling=\"no\" allowfullscreen=\"allowfullscreen\" data-mce-fragment=\"1\"><\/iframe><\/p>\n","protected":false},"excerpt":{"rendered":"<p>Pak dit\u00eb para liberalizimit t\u00eb vizave, qytetar\u00ebt e Kosov\u00ebs jan\u00eb duke u informuar n\u00eb vazhdim\u00ebsi&#8230;<\/p>\n","protected":false},"author":1,"featured_media":0,"comment_status":"open","ping_status":"open","sticky":false,"template":"","format":"standard","meta":{"om_disable_all_campaigns":false,"_monsterinsights_skip_tracking":false,"_monsterinsights_sitenote_active":false,"_monsterinsights_sitenote_note":"","_monsterinsights_sitenote_category":0,"_uf_show_specific_survey":0,"_uf_disable_surveys":false,"footnotes":""},"categories":[1],"tags":[],"class_list":["post-6761","post","type-post","status-publish","format-standard","hentry","category-uncategorized"],"aioseo_notices":[],"views":27,"_links":{"self":[{"href":"https:\/\/used82.com\/index.php?rest_route=\/wp\/v2\/posts\/6761","targetHints":{"allow":["GET"]}}],"collection":[{"href":"https:\/\/used82.com\/index.php?rest_route=\/wp\/v2\/posts"}],"about":[{"href":"https:\/\/used82.com\/index.php?rest_route=\/wp\/v2\/types\/post"}],"author":[{"embeddable":true,"href":"https:\/\/used82.com\/index.php?rest_route=\/wp\/v2\/users\/1"}],"replies":[{"embeddable":true,"href":"https:\/\/used82.com\/index.php?rest_route=%2Fwp%2Fv2%2Fcomments&post=6761"}],"version-history":[{"count":0,"href":"https:\/\/used82.com\/index.php?rest_route=\/wp\/v2\/posts\/6761\/revisions"}],"wp:attachment":[{"href":"https:\/\/used82.com\/index.php?rest_route=%2Fwp%2Fv2%2Fmedia&parent=6761"}],"wp:term":[{"taxonomy":"category","embeddable":true,"href":"https:\/\/used82.com\/index.php?rest_route=%2Fwp%2Fv2%2Fcategories&post=6761"},{"taxonomy":"post_tag","embeddable":true,"href":"https:\/\/used82.com\/index.php?rest_route=%2Fwp%2Fv2%2Ftags&post=6761"}],"curies":[{"name":"wp","href":"https:\/\/api.w.org\/{rel}","templated":true}]}}