{"id":6765,"date":"2023-12-26T14:46:31","date_gmt":"2023-12-26T14:46:31","guid":{"rendered":"https:\/\/used82.com\/?p=6765"},"modified":"2023-12-26T14:46:31","modified_gmt":"2023-12-26T14:46:31","slug":"shtrenjtim-i-faturave-te-energjise-elektrike-dhe-ankesat-e-qytetareve-anetarja-e-lvv-del-me-nje-sqarim","status":"publish","type":"post","link":"https:\/\/used82.com\/?p=6765","title":{"rendered":"Shtrenjtim i faturave t\u00eb energjis\u00eb elektrike dhe ankesat e qytetar\u00ebve \u2013 an\u00ebtarja e LVV del me nj\u00eb sqarim"},"content":{"rendered":"<p><strong>Qytetar\u00ebt t\u00eb shumt\u00eb jan\u00eb ankuar pasi rryma n\u00eb k\u00ebt\u00eb muaj i \u00ebsht\u00eb faturuar shum\u00eb m\u00eb shtrenjte n\u00eb krahasim me muajt e kaluar. Nj\u00eb sqarim, p\u00ebrse ka ndodhur kjo e ka dh\u00ebn\u00eb an\u00ebtarja e kryesis\u00eb s\u00eb rinis\u00eb n\u00eb L\u00ebvizjen Vet\u00ebvendosje \u2013 dega n\u00eb Vushtrri, Drita Dibrani, shkruan Insajderi.<\/strong><\/p>\n<p>Dibrani ka p\u00ebrmendur vendimin e marr\u00eb nga ZRRE, ku konsumi i energjis\u00eb do t\u00eb ndahej n\u00eb dy blloqe.<\/p>\n<p><em>\u201cT\u00eb dashur qytetar m\u00eb lejoni t\u00eb ju njoftoj q\u00eb n\u00eb baz\u00eb t\u00eb vendimit t\u00eb ZRRE-s\u00eb, konsumi juaj do t\u00eb ndahet n\u00eb dy blloqe, 0-800kWh dhe m\u00eb i lart\u00eb se 800kWh, dhe n\u00eb dy intervale ditore, dit\u00eb e nat\u00eb, t\u00eb dh\u00ebna k\u00ebto q\u00eb do t\u00eb paraqiten n\u00eb fatur\u00ebn tuaj n\u00eb kat\u00ebr rubrika\u201d,\u00a0<\/em>shkroi ajo n\u00eb Facebook.<\/p>\n<p>Duke u bazuar n\u00eb k\u00ebto t\u00eb dh\u00ebna, ajo potencon se me\u00a0<em>\u201ctarifat e rritura do t\u00eb paguhet vet\u00ebm pjesa mbi shpenzim prej mbbi 800 kWH\u201d.<\/em><\/p>\n<p><em>\u201cTashm\u00eb dihet se konsumi n\u00eb bllokun e par\u00eb prej 0-800kWh do t\u00eb faturohet me t\u00eb nj\u00ebjtat tarifa, nd\u00ebrsa konsumi mbi 800kWh do t\u00eb faturohet me tarifa t\u00eb reja. Pra, me tarifa t\u00eb rritura do t\u00eb paguhet vet\u00ebm pjesa mbi k\u00ebt\u00eb shpenzim\u201d.<\/em><\/p>\n<p>Tutje, ajo ka marr\u00eb disa shembuj.<\/p>\n<p><em>\u201cN\u00ebse nj\u00eb konsumator ka shpenzuar gjithsej 900kWh, at\u00ebher\u00eb ai do t\u00eb paguaj\u00eb 800kWh me bllokun e par\u00eb, ku \u00e7mimet jan\u00eb t\u00eb pandryshuara dhe 100kWh me tarif\u00ebn e lart\u00eb, t\u00eb dyja t\u00eb ndara edhe brenda konsumit dit\u00eb\/nat\u00eb\u201d<\/em><\/p>\n<p><em>\u201cN\u00eb fatur\u00ebn e konsumatorit do t\u00eb sh\u00ebnohet p\u00ebrllogaritja e par\u00eb me A1\/B1, q\u00eb p\u00ebrfaq\u00ebson tarif\u00ebn e lart\u00eb, n\u00eb bllokun deri n\u00eb 800kWh. Pra, do t\u00eb llogariten aq sa ka shpenzuar kryesisht gjat\u00eb dit\u00ebs, q\u00eb n\u00eb stin\u00ebn e dimrit \u00ebsht\u00eb nga ora 7:00 e m\u00ebngjesit deri n\u00eb or\u00ebn 22:00\u201d.<\/em><\/p>\n<figure class=\"wp-block-embed is-type-video is-provider-youtube wp-block-embed-youtube wp-embed-aspect-16-9 wp-has-aspect-ratio\">\n<div class=\"wp-block-embed__wrapper\"><iframe loading=\"lazy\" title=\"\u201cPadrejt\u00ebsisht na denuan me 38 vite burgim. Dikush deshi t\u00eb m\u00eb hakmerrej dhe e montoi ngjarjen\u201d\" src=\"https:\/\/www.youtube.com\/embed\/psW-YCQ0Wuk?feature=oembed\" width=\"640\" height=\"360\" frameborder=\"0\" allowfullscreen=\"allowfullscreen\" data-mce-fragment=\"1\"><\/iframe><\/div>\n<\/figure>\n<p>\u201c<em>Nd\u00ebrsa shpenzimet e b\u00ebra nga konsumator\u00ebt pas or\u00ebs 22:00 deri n\u00eb or\u00ebn 7:00 paraqiten me kodin A2\/B1. Kjo paraqet tarif\u00ebn e ul\u00ebt, q\u00eb \u00ebsht\u00eb bindsh\u00ebm m\u00eb e lira n\u00eb Evrop\u00eb dhe nd\u00ebr m\u00eb t\u00eb lirat n\u00eb bot\u00eb<\/em>\u201c.<\/p>\n<p>M\u00eb posht\u00eb keni vendimin e ZRRE-se<img decoding=\"async\" class=\"emoji\" role=\"img\" draggable=\"false\" src=\"https:\/\/s.w.org\/images\/core\/emoji\/14.0.0\/svg\/2b07.svg\" alt=\"\u2b07\ufe0f\" \/><\/p>\n<div class=\"des-adv shteti\"><\/div>\n<figure class=\"wp-block-image size-full\"><img loading=\"lazy\" decoding=\"async\" class=\"wp-image-1730089\" src=\"https:\/\/insajderi.org\/wp-content\/uploads\/2023\/12\/ZRE.png\" alt=\"\" width=\"687\" height=\"830\" \/><\/figure>\n<p><iframe loading=\"lazy\" src=\"https:\/\/www.facebook.com\/plugins\/post.php?href=https%3A%2F%2Fwww.facebook.com%2Fdritadibrani15%2Fposts%2Fpfbid02yzJWipA5wutTdoRJiPdz1rb5F1TKrypt7BPvufYnJgXqU7JDiQTvKgLLcLhJvMvtl&amp;show_text=true&amp;width=500\" width=\"500\" height=\"704\" frameborder=\"0\" scrolling=\"no\" allowfullscreen=\"allowfullscreen\" data-mce-fragment=\"1\"><\/iframe><\/p>\n","protected":false},"excerpt":{"rendered":"<p>Qytetar\u00ebt t\u00eb shumt\u00eb jan\u00eb ankuar pasi rryma n\u00eb k\u00ebt\u00eb muaj i \u00ebsht\u00eb faturuar shum\u00eb m\u00eb&#8230;<\/p>\n","protected":false},"author":1,"featured_media":0,"comment_status":"open","ping_status":"open","sticky":false,"template":"","format":"standard","meta":{"om_disable_all_campaigns":false,"_monsterinsights_skip_tracking":false,"_monsterinsights_sitenote_active":false,"_monsterinsights_sitenote_note":"","_monsterinsights_sitenote_category":0,"_uf_show_specific_survey":0,"_uf_disable_surveys":false,"footnotes":""},"categories":[1],"tags":[],"class_list":["post-6765","post","type-post","status-publish","format-standard","hentry","category-uncategorized"],"aioseo_notices":[],"views":29,"_links":{"self":[{"href":"https:\/\/used82.com\/index.php?rest_route=\/wp\/v2\/posts\/6765","targetHints":{"allow":["GET"]}}],"collection":[{"href":"https:\/\/used82.com\/index.php?rest_route=\/wp\/v2\/posts"}],"about":[{"href":"https:\/\/used82.com\/index.php?rest_route=\/wp\/v2\/types\/post"}],"author":[{"embeddable":true,"href":"https:\/\/used82.com\/index.php?rest_route=\/wp\/v2\/users\/1"}],"replies":[{"embeddable":true,"href":"https:\/\/used82.com\/index.php?rest_route=%2Fwp%2Fv2%2Fcomments&post=6765"}],"version-history":[{"count":0,"href":"https:\/\/used82.com\/index.php?rest_route=\/wp\/v2\/posts\/6765\/revisions"}],"wp:attachment":[{"href":"https:\/\/used82.com\/index.php?rest_route=%2Fwp%2Fv2%2Fmedia&parent=6765"}],"wp:term":[{"taxonomy":"category","embeddable":true,"href":"https:\/\/used82.com\/index.php?rest_route=%2Fwp%2Fv2%2Fcategories&post=6765"},{"taxonomy":"post_tag","embeddable":true,"href":"https:\/\/used82.com\/index.php?rest_route=%2Fwp%2Fv2%2Ftags&post=6765"}],"curies":[{"name":"wp","href":"https:\/\/api.w.org\/{rel}","templated":true}]}}