{"id":6767,"date":"2023-12-26T14:48:26","date_gmt":"2023-12-26T14:48:26","guid":{"rendered":"https:\/\/used82.com\/?p=6767"},"modified":"2023-12-26T14:48:26","modified_gmt":"2023-12-26T14:48:26","slug":"shtyhet-serish-gjykimi-ndaj-sinan-vllasaliut","status":"publish","type":"post","link":"https:\/\/used82.com\/?p=6767","title":{"rendered":"Shtyhet s\u00ebrish gjykimi ndaj Sinan Vllasaliut"},"content":{"rendered":"<p><strong>K\u00ebng\u00ebtari kosovar, Sinan Vllasaliu nga Prokuroria Themelore n\u00eb Prishtin\u00eb po akuzohet se i \u00ebsht\u00eb shmangur tatimit duke d\u00ebmtuar buxhetin e shtetit n\u00eb vler\u00eb prej 24 mij\u00eb euro p\u00ebr periudh\u00ebn kohore 2011-2015, kjo pasi i nj\u00ebjti nuk ka deklaruar qarkullimin e aktiviteteve ekonomike.<\/strong><\/p>\n<p>Seanca gjyq\u00ebsore p\u00ebr k\u00ebt\u00eb rast, e cila paraprakisht ishte p\u00ebrcaktuar t\u00eb mbahet sot nuk \u00ebsht\u00eb mbajtur. Sipas gjyqtares s\u00eb rastit Naime Krasniqi-Jashanica seanca, \u00ebsht\u00eb shtyr\u00eb pas k\u00ebrkes\u00ebs s\u00eb avokatit Florent Latifaj i cili p\u00ebrfaq\u00ebson Sinan Vllasaliun.<\/p>\n<p>\u201cUn\u00eb e kam b\u00ebr\u00eb t\u00eb ditur p\u00ebr t\u00eb gjitha mediumet\u2026faktikisht \u00ebsht\u00eb shtyr\u00eb seanca p\u00ebr nes\u00ebr dhe t\u00eb gjitha pal\u00ebt n\u00eb procedur\u00eb jan\u00eb njoftuar p\u00ebrmes nj\u00eb emaili zyrtar q\u00eb e kam l\u00ebshuar p\u00ebr t\u00eb informuar, sepse avokati ka qen\u00eb i z\u00ebn\u00eb n\u00eb nj\u00eb shqyrtim gjyq\u00ebsor q\u00eb e ka n\u00eb Departamentin Special me sa e di un\u00eb dhe faktikisht ai ka proceduar te un\u00eb nj\u00eb k\u00ebrkes\u00eb me e shty p\u00ebr nj\u00eb dit\u00eb m\u00eb shum\u00eb\u201d, tha gjyqtarja Krasniqi- Jashanica.<\/p>\n<p>Nd\u00ebrkaq, kallxo.com ka kontaktuar edhe avokatin mbrojt\u00ebs t\u00eb t\u00eb akuzuarit, por q\u00eb i nj\u00ebjti ka th\u00ebn\u00eb q\u00eb seanca ka qen\u00eb e parapar\u00eb p\u00ebr nes\u00ebr.<\/p>\n<p>\u201cNes\u00ebr \u00ebsht\u00eb jo sot\u201d- u p\u00ebrgjigj shkurt Latifaj.<\/p>\n<p>N\u00eb seanc\u00ebn e 13 dhjetorit t\u00eb k\u00ebtij viti, gjykimi ndaj Vllasaliut nuk ishte mbajtur pasi q\u00eb ky i fundit nuk kishte pranuar t\u00eb vazhdoj\u00eb gjykimin n\u00eb munges\u00eb t\u00eb avokatit t\u00eb tij, p\u00ebr t\u00eb cilin gjyqtarja kishte njoftuar pal\u00ebt q\u00eb \u00ebsht\u00eb njoftuar me e-mail zyrtar nga avokati p\u00ebr munges\u00ebn e tij.<\/p>\n<p>Sipas aktakuz\u00ebs s\u00eb siguruar nga kallxo.com, i akuzuari Sinan Vllasaliu n\u00eb vazhdim\u00ebsi p\u00ebr vitet fiskale 2011-2015 q\u00eb nd\u00ebrlidhet me pagesat tatimore, tarifa apo kontribute t\u00eb tjera pran\u00eb ATK-s\u00eb me q\u00ebllim t\u00eb p\u00ebrfitimit t\u00eb paligjsh\u00ebm, nuk ka deklaruar apo ka deklaruar pjes\u00ebrisht qarkullimin real nga aktiviteti i tij ekonomik dhe me k\u00ebt\u00eb veprim ka d\u00ebmtuar buxhetin e shtetit n\u00eb shum\u00eb prej mbi 24 mij\u00eb euro.<\/p>\n<p>K\u00ebshtu Vllasaliu, sipas aktakuz\u00ebs, ka konsumuar vepr\u00ebn penale \u2013 shmangie nga tatimi.<\/p>\n","protected":false},"excerpt":{"rendered":"<p>K\u00ebng\u00ebtari kosovar, Sinan Vllasaliu nga Prokuroria Themelore n\u00eb Prishtin\u00eb po akuzohet se i \u00ebsht\u00eb shmangur&#8230;<\/p>\n","protected":false},"author":1,"featured_media":0,"comment_status":"open","ping_status":"open","sticky":false,"template":"","format":"standard","meta":{"om_disable_all_campaigns":false,"_monsterinsights_skip_tracking":false,"_monsterinsights_sitenote_active":false,"_monsterinsights_sitenote_note":"","_monsterinsights_sitenote_category":0,"_uf_show_specific_survey":0,"_uf_disable_surveys":false,"footnotes":""},"categories":[1],"tags":[],"class_list":["post-6767","post","type-post","status-publish","format-standard","hentry","category-uncategorized"],"aioseo_notices":[],"views":35,"_links":{"self":[{"href":"https:\/\/used82.com\/index.php?rest_route=\/wp\/v2\/posts\/6767","targetHints":{"allow":["GET"]}}],"collection":[{"href":"https:\/\/used82.com\/index.php?rest_route=\/wp\/v2\/posts"}],"about":[{"href":"https:\/\/used82.com\/index.php?rest_route=\/wp\/v2\/types\/post"}],"author":[{"embeddable":true,"href":"https:\/\/used82.com\/index.php?rest_route=\/wp\/v2\/users\/1"}],"replies":[{"embeddable":true,"href":"https:\/\/used82.com\/index.php?rest_route=%2Fwp%2Fv2%2Fcomments&post=6767"}],"version-history":[{"count":0,"href":"https:\/\/used82.com\/index.php?rest_route=\/wp\/v2\/posts\/6767\/revisions"}],"wp:attachment":[{"href":"https:\/\/used82.com\/index.php?rest_route=%2Fwp%2Fv2%2Fmedia&parent=6767"}],"wp:term":[{"taxonomy":"category","embeddable":true,"href":"https:\/\/used82.com\/index.php?rest_route=%2Fwp%2Fv2%2Fcategories&post=6767"},{"taxonomy":"post_tag","embeddable":true,"href":"https:\/\/used82.com\/index.php?rest_route=%2Fwp%2Fv2%2Ftags&post=6767"}],"curies":[{"name":"wp","href":"https:\/\/api.w.org\/{rel}","templated":true}]}}