{"id":6771,"date":"2023-12-26T14:53:32","date_gmt":"2023-12-26T14:53:32","guid":{"rendered":"https:\/\/used82.com\/?p=6771"},"modified":"2023-12-26T14:53:32","modified_gmt":"2023-12-26T14:53:32","slug":"shtyhet-neser-arrestimi-i-berishes-te-merkuren-edhe-gjyqi-per-logon-e-pd-dhe-protesta-e-rithemelimit","status":"publish","type":"post","link":"https:\/\/used82.com\/?p=6771","title":{"rendered":"Shtyhet nes\u00ebr arrestimi i Berish\u00ebs! T\u00eb m\u00ebrkur\u00ebn edhe gjyqi p\u00ebr logon e PD dhe protesta e Rithemelimit"},"content":{"rendered":"<p>Edhe 24 or\u00eb t\u00eb tjera liri p\u00ebr Sali Berish\u00ebn.<\/p>\n<p>Dy avokat\u00ebt e ish-kryeministrit ia dol\u00ebn mban\u00eb t\u00eb sigurojn\u00eb koh\u00eb shtes\u00eb n\u00eb gjykat\u00ebn antikorrupsion, mbasi insistuan se duhet t\u00eb njiheshin me provat q\u00eb e bind\u00ebn SPAK p\u00ebr t\u00eb ashp\u00ebrsuar q\u00ebndrimin.<br \/>\nN\u00eb nj\u00eb seanc\u00eb me dyer t\u00eb mbyllura, SPAK relatoi shkaqet se p\u00ebrse k\u00ebrkon arrest sht\u00ebpiak, q\u00eb \u00ebsht\u00eb argumenti i mos bindjes s\u00eb Berish\u00ebs p\u00ebr t\u00eb respektuar vendimin e gjyqtares Irena Gjoka, e cila kishte shpallur detyrim paraqitje. Si prova soll\u00ebn procesverbal\u00ebt e oficeres s\u00eb policis\u00eb gjyq\u00ebsore, q\u00eb ka provuar mungesat e Berish\u00ebs.<\/p>\n<p>Gjyqtarja e shtyu seanc\u00ebn p\u00ebr t\u00eb m\u00ebrkur\u00ebn. Nd\u00ebrsa mbrojtja e Berish\u00ebs thot\u00eb se k\u00ebrkoi p\u00ebrjashtimin e Irena Gjok\u00ebs p\u00ebr shkak t\u00eb nj\u00eb vendimi nga KLD e 1996, q\u00eb drejtohej nga presidenti i asaj kohe, Sali Berisha. Por ndon\u00ebse avokat\u00ebt thon\u00eb se Gjoka \u00ebsht\u00eb larguar nga detyra n\u00eb at\u00eb koh\u00eb, KLGJ e sotme deklaron se gjyqtarja u rikthye n\u00eb detyr\u00eb nga e nj\u00ebjta KLD. Kritika tjet\u00ebr e avokat\u00ebve shkon p\u00ebr SPAK.<\/p>\n<p>\u201cAjo q\u00eb un\u00eb dua t\u00eb denoncoj, ndryshimi i mas\u00ebs \u00ebsht\u00eb k\u00ebrkuar me mbik\u00ebqyrje policore, e pamb\u00ebshtetur n\u00eb ligj, \u00e7ka tregon q\u00ebllimin e SPAK jo p\u00ebr t\u00eb b\u00ebr\u00eb nj\u00eb proces t\u00eb ligjsh\u00ebm, pro p\u00ebr t\u2019u hakmarr\u00eb. \u00cbsht\u00eb e paparashikueshme n\u00eb ligj k\u00ebrkesa q\u00eb kan\u00eb b\u00ebr\u00eb p\u00ebr SPAK\u201d, tha avokati Genc Gjokutaj.<br \/>\nN\u00eb or\u00ebn 11, t\u00eb m\u00ebrkur\u00ebn vijon takimi mes SPAK, avokat\u00ebve dhe gjykat\u00ebs, q\u00eb pasi t\u00eb d\u00ebgjoj\u00eb debatin do vendos\u00eb.<\/p>\n<p>Por e m\u00ebrkura e Berish\u00ebs, \u00ebsht\u00eb nj\u00eb dit\u00eb e r\u00ebnd\u00ebsishme p\u00ebr t\u00eb gjitha pal\u00ebt e Partis\u00eb Demokratike. Jo vet\u00ebm p\u00ebr shkak t\u00eb k\u00ebtij procesi, por edhe p\u00ebr \u00e7\u00ebshtjen e shum\u00ebpritur n\u00eb Gjykat\u00ebn e Lart\u00eb, ku pritet vendimi p\u00ebr vul\u00ebn. Rithemelimi i p\u00ebrfaq\u00ebsuar nga zoti Berisha i k\u00ebrkon Gjykat\u00ebs s\u00eb Lart\u00eb t\u00eb zhb\u00ebj\u00eb vendimin e Gjykat\u00ebs s\u00eb Apelit. Deri tani, ve\u00e7 njoftimit se n\u00eb dyert e Gjykat\u00ebs s\u00eb Lart\u00eb do t\u00eb ket\u00eb protest\u00eb t\u00eb thirrur nga Rithemelimi, nuk ka asnj\u00eb informacion sesi do t\u00eb zhvillohet procesi i vul\u00ebs. Por ligj\u00ebrisht t\u00eb gjitha opsionet jan\u00eb t\u00eb hapura.<\/p>\n","protected":false},"excerpt":{"rendered":"<p>Edhe 24 or\u00eb t\u00eb tjera liri p\u00ebr Sali Berish\u00ebn. Dy avokat\u00ebt e ish-kryeministrit ia dol\u00ebn&#8230;<\/p>\n","protected":false},"author":1,"featured_media":0,"comment_status":"open","ping_status":"open","sticky":false,"template":"","format":"standard","meta":{"om_disable_all_campaigns":false,"_monsterinsights_skip_tracking":false,"_monsterinsights_sitenote_active":false,"_monsterinsights_sitenote_note":"","_monsterinsights_sitenote_category":0,"_uf_show_specific_survey":0,"_uf_disable_surveys":false,"footnotes":""},"categories":[1],"tags":[],"class_list":["post-6771","post","type-post","status-publish","format-standard","hentry","category-uncategorized"],"aioseo_notices":[],"views":45,"_links":{"self":[{"href":"https:\/\/used82.com\/index.php?rest_route=\/wp\/v2\/posts\/6771","targetHints":{"allow":["GET"]}}],"collection":[{"href":"https:\/\/used82.com\/index.php?rest_route=\/wp\/v2\/posts"}],"about":[{"href":"https:\/\/used82.com\/index.php?rest_route=\/wp\/v2\/types\/post"}],"author":[{"embeddable":true,"href":"https:\/\/used82.com\/index.php?rest_route=\/wp\/v2\/users\/1"}],"replies":[{"embeddable":true,"href":"https:\/\/used82.com\/index.php?rest_route=%2Fwp%2Fv2%2Fcomments&post=6771"}],"version-history":[{"count":0,"href":"https:\/\/used82.com\/index.php?rest_route=\/wp\/v2\/posts\/6771\/revisions"}],"wp:attachment":[{"href":"https:\/\/used82.com\/index.php?rest_route=%2Fwp%2Fv2%2Fmedia&parent=6771"}],"wp:term":[{"taxonomy":"category","embeddable":true,"href":"https:\/\/used82.com\/index.php?rest_route=%2Fwp%2Fv2%2Fcategories&post=6771"},{"taxonomy":"post_tag","embeddable":true,"href":"https:\/\/used82.com\/index.php?rest_route=%2Fwp%2Fv2%2Ftags&post=6771"}],"curies":[{"name":"wp","href":"https:\/\/api.w.org\/{rel}","templated":true}]}}