{"id":6775,"date":"2023-12-26T17:08:14","date_gmt":"2023-12-26T17:08:14","guid":{"rendered":"https:\/\/used82.com\/?p=6775"},"modified":"2023-12-26T17:08:14","modified_gmt":"2023-12-26T17:08:14","slug":"ambasadori-rus-vuciqi-me-informoi-se-perendimi-qendron-pas-trazirave-ne-beograd","status":"publish","type":"post","link":"https:\/\/used82.com\/?p=6775","title":{"rendered":"Ambasadori rus: Vu\u00e7iqi m\u00eb informoi se Per\u00ebndimi q\u00ebndron pas trazirave n\u00eb Beograd"},"content":{"rendered":"<p><strong>Ambasadori rus n\u00eb Beograd, Aleksandr Botsan-Kharchenko, ka deklaruar se presidenti i Serbis\u00eb, Aleksand\u00ebr Vu\u00e7iq e ka informuar at\u00eb se Per\u00ebndimi \u00ebsht\u00eb ai q\u00eb q\u00ebndron pas trazirave n\u00eb Beograd.<\/strong><\/p>\n<p>\u201cOpozita filloi protestat, t\u00eb cilat ne i mb\u00ebshtet\u00ebm nga jasht\u00eb. Vu\u00e7iq ka folur p\u00ebr k\u00ebt\u00eb, nuk mund t\u00eb zbuloj asnj\u00eb detaj, \u00ebsht\u00eb informacion konfidencial. Por ai ka informacione t\u00eb pamohueshme se Per\u00ebndimi po nxit trazirat n\u00eb Serbi\u201d, ka deklaruar ai p\u00ebr kanalin televiziv Russia-24, pas takimit t\u00eb tij me presidentin serb t\u00eb h\u00ebn\u00ebn, raporton N1.<\/p>\n<p>Vu\u00e7iq n\u00eb nj\u00eb postim n\u00eb Instagram m\u00eb her\u00ebt t\u00eb h\u00ebn\u00ebn ka shrkruar se e ka informuar ambasadorin rus p\u00ebr trazirat e mbr\u00ebmjes s\u00eb t\u00eb diel\u00ebs n\u00eb Beograd.<\/p>\n<p>Po ashtu, ai ka p\u00ebrs\u00ebritur se autoritetet do t\u00eb b\u00ebjn\u00eb gjith\u00e7ka p\u00ebr t\u00eb mbrojtur sigurin\u00eb e qytetar\u00ebve dhe Serbis\u00eb.<\/p>\n<p><strong>Protestat n\u00eb Beograd<\/strong><\/p>\n<p>Protesta e 24 dhjetorit nisi para selis\u00eb s\u00eb Komisionit Republikan Zgjedhor, ku mij\u00ebra qytetar\u00eb u mblodh\u00ebn me ftes\u00eb t\u00eb koalicionit opozitar, \u201cSerbia kund\u00ebr dhun\u00ebs\u201d, q\u00eb nuk njeh rezultatet e zgjedhjeve t\u00eb 17 dhjetorit, pasi sipas opozit\u00ebs, Partia Progresive Serbe (SNS) n\u00eb pushtet ka fituar zgjedhjet p\u00ebrmes mashtrimeve zgjedhore.<\/p>\n<p>K\u00ebrkesa p\u00ebr anulimin e zgjedhjeve n\u00eb t\u00eb gjitha nivelet po k\u00ebrkohet p\u00ebr shkak t\u00eb, si\u00e7 \u00ebsht\u00eb th\u00ebn\u00eb, \u201cpengimit t\u00eb vullnetit t\u00eb qytetar\u00ebve\u201d.<\/p>\n<p>\u201cK\u00ebto zgjedhje po anulohen\u201d, ka th\u00ebn\u00eb Marinika Tepiq, udh\u00ebheq\u00ebse e list\u00ebs \u201cSerbia kund\u00ebr dhun\u00ebs\u201d, e cila gjendet n\u00eb grev\u00eb urie q\u00eb nga 18 dhjetori, n\u00eb shenj\u00eb proteste me rezultatet zgjedhore.<\/p>\n<p>M\u00eb shum\u00eb se 30 demonstrues jan\u00eb arrestuar gjat\u00eb protest\u00ebs s\u00eb koalicionit opozitar \u201cSerbia kund\u00ebr dhun\u00ebs\u201d m\u00eb 24 dhjetor n\u00eb Beograd.<\/p>\n<p>Gjat\u00eb protest\u00ebs, nj\u00eb grup personash t\u00eb maskuar kan\u00eb tentuar t\u00eb hyjn\u00eb n\u00eb Kuvendin e Beogradit, kan\u00eb thyer xhamat dhe dyert, nd\u00ebrsa policia brenda nd\u00ebrtes\u00ebs ka hedhur gaz lotsjell\u00ebs ndaj tyre.<\/p>\n<p>Kjo ishte protesta e shtat\u00eb e opozit\u00ebs n\u00eb kryeqytetin e Serbis\u00eb me k\u00ebrkes\u00ebn p\u00ebr anulimin e zgjedhjeve t\u00eb mbajtura m\u00eb 17 dhjetor. Lista \u201cSerbia kund\u00ebr dhun\u00ebs\u201d pretendon se Partia Progresive Serbe (SNS) n\u00eb pushtet vodhi zgjedhjet, nd\u00ebr t\u00eb tjera, duke regjistruar n\u00eb m\u00ebnyr\u00eb fiktive votuesit e tyre nga vende jasht\u00eb Serbis\u00eb.<\/p>\n","protected":false},"excerpt":{"rendered":"<p>Ambasadori rus n\u00eb Beograd, Aleksandr Botsan-Kharchenko, ka deklaruar se presidenti i Serbis\u00eb, Aleksand\u00ebr Vu\u00e7iq e&#8230;<\/p>\n","protected":false},"author":1,"featured_media":0,"comment_status":"open","ping_status":"open","sticky":false,"template":"","format":"standard","meta":{"om_disable_all_campaigns":false,"_monsterinsights_skip_tracking":false,"_monsterinsights_sitenote_active":false,"_monsterinsights_sitenote_note":"","_monsterinsights_sitenote_category":0,"_uf_show_specific_survey":0,"_uf_disable_surveys":false,"footnotes":""},"categories":[1],"tags":[],"class_list":["post-6775","post","type-post","status-publish","format-standard","hentry","category-uncategorized"],"aioseo_notices":[],"views":42,"_links":{"self":[{"href":"https:\/\/used82.com\/index.php?rest_route=\/wp\/v2\/posts\/6775","targetHints":{"allow":["GET"]}}],"collection":[{"href":"https:\/\/used82.com\/index.php?rest_route=\/wp\/v2\/posts"}],"about":[{"href":"https:\/\/used82.com\/index.php?rest_route=\/wp\/v2\/types\/post"}],"author":[{"embeddable":true,"href":"https:\/\/used82.com\/index.php?rest_route=\/wp\/v2\/users\/1"}],"replies":[{"embeddable":true,"href":"https:\/\/used82.com\/index.php?rest_route=%2Fwp%2Fv2%2Fcomments&post=6775"}],"version-history":[{"count":0,"href":"https:\/\/used82.com\/index.php?rest_route=\/wp\/v2\/posts\/6775\/revisions"}],"wp:attachment":[{"href":"https:\/\/used82.com\/index.php?rest_route=%2Fwp%2Fv2%2Fmedia&parent=6775"}],"wp:term":[{"taxonomy":"category","embeddable":true,"href":"https:\/\/used82.com\/index.php?rest_route=%2Fwp%2Fv2%2Fcategories&post=6775"},{"taxonomy":"post_tag","embeddable":true,"href":"https:\/\/used82.com\/index.php?rest_route=%2Fwp%2Fv2%2Ftags&post=6775"}],"curies":[{"name":"wp","href":"https:\/\/api.w.org\/{rel}","templated":true}]}}