{"id":6779,"date":"2023-12-26T17:20:03","date_gmt":"2023-12-26T17:20:03","guid":{"rendered":"https:\/\/used82.com\/?p=6779"},"modified":"2023-12-26T17:20:03","modified_gmt":"2023-12-26T17:20:03","slug":"pranimi-i-targave-rks-nga-serbia-bislimi-thote-se-po-e-kamuflojne-deshtimin-ne-banjske","status":"publish","type":"post","link":"https:\/\/used82.com\/?p=6779","title":{"rendered":"Pranimi i targave \u201cRKS\u201d nga Serbia, Bislimi thot\u00eb se po e kamuflojn\u00eb d\u00ebshtimin n\u00eb Banjsk\u00eb"},"content":{"rendered":"<p><strong>Z\u00ebvend\u00ebskryeministri i Kosov\u00ebs, Besnik Bislimi, ka reaguar pas njoftimit nga politikan\u00ebt serb\u00eb se Serbia do t\u2019i njoh\u00eb targat \u2018RKS\u2019 q\u00eb nga 1 janari i 2024-\u00ebs.<\/strong><\/p>\n<p>Bislimi ka th\u00ebn\u00eb se p\u00ebr k\u00ebt\u00eb, \u00ebsht\u00eb dashur t\u00eb kalojn\u00eb 18 muaj me tensione e barrikada nga Serbia, teksa shtoi se p\u00ebr dy vite \u00e7\u00ebshtja e targave \u00ebsht\u00eb p\u00ebrdorur p\u00ebr destabilizim, shkruan Gazeta Insajderi.<\/p>\n<p>\u201cMe vendimin p\u00ebr njohjen e targave RKS nga ana e Serbis\u00eb, shkon drejt fundit nj\u00eb proces i gjat\u00eb i \u00e7\u00ebshtjes s\u00eb targave e mosnjohjes s\u00eb tyre nga pala serbe. N\u00eb shtator 2021, Serbia e p\u00ebrdori k\u00ebt\u00eb \u00e7\u00ebshtje p\u00ebr t\u00eb k\u00ebrc\u00ebnuar Kosov\u00ebn e fluturuar Mig-at p\u00ebrreth kufirit tone\u201d, deklaroi ai.<\/p>\n<p>\u201cQ\u00eb nga fillimi, pozicioni i delegacionit ton\u00eb n\u00eb Bruksel ishte i qart\u00eb: na duhet nj\u00eb zgjidhje e p\u00ebrhershme n\u00eb linj\u00eb me standardet e Bashkimit Evropian dhe propozimi i vet\u00ebm i Kosov\u00ebs si dhe zgjidhja ideale n\u00eb k\u00ebt\u00eb drejtim ka qen\u00eb q\u00eb Kosova dhe Serbia t\u2019ia njohin targat nj\u00ebra tjetr\u00ebs n\u00eb modelin aktual \u2013 t\u00eb cilat jan\u00eb n\u00eb p\u00ebrputhje me standardet e BE-s\u00eb \u2013 e pa asnj\u00eb ndryshim\u201d, shtoi m\u00eb tej Bislimi.<\/p>\n<p>\u201cGjithashtu duhet t\u00eb theksojm\u00eb dhe rikujtojm\u00eb, se ky nuk \u00ebsht\u00eb konstruktivitet nga ana e Serbis\u00eb, por \u00ebsht\u00eb vet\u00ebm maskim q\u00eb ata duan ta kamuflojn\u00eb pas d\u00ebshtimit n\u00eb Banjsk\u00eb dhe d\u00ebshtimit t\u00eb narrativ\u00ebs s\u00eb tyre t\u00eb ushqyer p\u00ebr kaq shum\u00eb koh\u00eb n\u00eb Bruksel\u201d.<\/p>\n","protected":false},"excerpt":{"rendered":"<p>Z\u00ebvend\u00ebskryeministri i Kosov\u00ebs, Besnik Bislimi, ka reaguar pas njoftimit nga politikan\u00ebt serb\u00eb se Serbia do&#8230;<\/p>\n","protected":false},"author":1,"featured_media":0,"comment_status":"open","ping_status":"open","sticky":false,"template":"","format":"standard","meta":{"om_disable_all_campaigns":false,"_monsterinsights_skip_tracking":false,"_monsterinsights_sitenote_active":false,"_monsterinsights_sitenote_note":"","_monsterinsights_sitenote_category":0,"_uf_show_specific_survey":0,"_uf_disable_surveys":false,"footnotes":""},"categories":[1],"tags":[],"class_list":["post-6779","post","type-post","status-publish","format-standard","hentry","category-uncategorized"],"aioseo_notices":[],"views":41,"_links":{"self":[{"href":"https:\/\/used82.com\/index.php?rest_route=\/wp\/v2\/posts\/6779","targetHints":{"allow":["GET"]}}],"collection":[{"href":"https:\/\/used82.com\/index.php?rest_route=\/wp\/v2\/posts"}],"about":[{"href":"https:\/\/used82.com\/index.php?rest_route=\/wp\/v2\/types\/post"}],"author":[{"embeddable":true,"href":"https:\/\/used82.com\/index.php?rest_route=\/wp\/v2\/users\/1"}],"replies":[{"embeddable":true,"href":"https:\/\/used82.com\/index.php?rest_route=%2Fwp%2Fv2%2Fcomments&post=6779"}],"version-history":[{"count":0,"href":"https:\/\/used82.com\/index.php?rest_route=\/wp\/v2\/posts\/6779\/revisions"}],"wp:attachment":[{"href":"https:\/\/used82.com\/index.php?rest_route=%2Fwp%2Fv2%2Fmedia&parent=6779"}],"wp:term":[{"taxonomy":"category","embeddable":true,"href":"https:\/\/used82.com\/index.php?rest_route=%2Fwp%2Fv2%2Fcategories&post=6779"},{"taxonomy":"post_tag","embeddable":true,"href":"https:\/\/used82.com\/index.php?rest_route=%2Fwp%2Fv2%2Ftags&post=6779"}],"curies":[{"name":"wp","href":"https:\/\/api.w.org\/{rel}","templated":true}]}}