{"id":6781,"date":"2023-12-26T17:21:31","date_gmt":"2023-12-26T17:21:31","guid":{"rendered":"https:\/\/used82.com\/?p=6781"},"modified":"2023-12-26T17:21:31","modified_gmt":"2023-12-26T17:21:31","slug":"tragjedia-e-ciftit-nga-juniku-rryma-kapi-gruan-derisa-po-bente-dush-pastaj-edhe-bashkeshortin","status":"publish","type":"post","link":"https:\/\/used82.com\/?p=6781","title":{"rendered":"Tragjedia e \u00e7iftit nga Juniku \u2013 Rryma kapi gruan derisa po b\u00ebnte dush, pastaj edhe bashk\u00ebshortin"},"content":{"rendered":"<p><strong>Vdekja tragjike e \u00e7iftit nga Juniku ka shokuar banor\u00ebt e k\u00ebtij qyteti por jo vet\u00ebm. T\u00eb h\u00ebn\u00ebn, pronari i fabrik\u00ebs s\u00eb ujit \u201cJuniku\u201d n\u00eb k\u00ebt\u00eb qytet, Mic Tofaj dhe bashk\u00ebshortja e tij kan\u00eb humbur jet\u00ebn tragjikisht n\u00eb bjeshk\u00ebt e k\u00ebsaj komune. Gazeta Insajderi ka m\u00ebsuar disa detaje t\u00eb reja nga momenti se si ka ndodhur ngjarja tragjike.<\/strong><\/p>\n<p>Sipas burimeve t\u00eb Gazet\u00ebs n\u00eb at\u00eb rajon, \u00e7ifti bashk\u00eb me dy f\u00ebmij\u00ebt kan\u00eb qen\u00eb duke q\u00ebndruar n\u00eb nj\u00eb sht\u00ebpi n\u00eb bjeshk\u00ebt e Junikut.<\/p>\n<p>Sipas burimeve jo zyrtare,\u00a0<em><strong>Fatlinda Maloku-Tofaj\u00a0<\/strong><\/em>e cila ishte duke b\u00ebr\u00eb dush e ka z\u00ebn\u00eb energjia elektrike. Pastaj p\u00ebr ta shp\u00ebtuar at\u00eb ka tentuar bashk\u00ebshorti i saj Mic Tofaj por, fatkeq\u00ebsisht e ka p\u00ebsuar edhe ai pasi rryma \u00ebsht\u00eb p\u00ebr\u00e7uar tek ai.<\/p>\n<p>N\u00eb k\u00ebto momente kritike prezent n\u00eb sht\u00ebpi kan\u00eb qen\u00eb edhe dy f\u00ebmij\u00ebt e \u00e7iftit.<\/p>\n<p>Prokuroria e Pej\u00ebs ka nisur hetimet lidhur me vdekjen e tyre.<\/p>\n<p>Prokurori i rastit Ersan Qavolli n\u00eb nj\u00eb prononcim p\u00ebr Gazet\u00ebn Insajderi ka treguar se p\u00ebr zhvillimin e hetimeve jan\u00eb n\u00eb pritje t\u00eb rezultateve t\u00eb autopsis\u00eb pasi q\u00eb sipas tij, ka dh\u00ebn\u00eb urdh\u00ebr q\u00eb trupave t\u00eb pajet\u00eb t\u2019iu kryhet autopsia.<\/p>\n<p>\u201c<em><strong>Kemi l\u00ebshuar nj\u00eb urdh\u00ebr p\u00ebr autopsi p\u00ebr dy t\u00eb ndjer\u00ebt edhe p\u00ebr momentin jemi duke e pritur rezultatin e autopsis\u00eb, pastaj do t\u00eb dalim me nj\u00eb prononcim me t\u00eb detajuar<\/strong><\/em>\u201d, tha tutje ai.<\/p>\n","protected":false},"excerpt":{"rendered":"<p>Vdekja tragjike e \u00e7iftit nga Juniku ka shokuar banor\u00ebt e k\u00ebtij qyteti por jo vet\u00ebm&#8230;.<\/p>\n","protected":false},"author":1,"featured_media":0,"comment_status":"open","ping_status":"open","sticky":false,"template":"","format":"standard","meta":{"om_disable_all_campaigns":false,"_monsterinsights_skip_tracking":false,"_monsterinsights_sitenote_active":false,"_monsterinsights_sitenote_note":"","_monsterinsights_sitenote_category":0,"_uf_show_specific_survey":0,"_uf_disable_surveys":false,"footnotes":""},"categories":[1],"tags":[],"class_list":["post-6781","post","type-post","status-publish","format-standard","hentry","category-uncategorized"],"aioseo_notices":[],"views":35,"_links":{"self":[{"href":"https:\/\/used82.com\/index.php?rest_route=\/wp\/v2\/posts\/6781","targetHints":{"allow":["GET"]}}],"collection":[{"href":"https:\/\/used82.com\/index.php?rest_route=\/wp\/v2\/posts"}],"about":[{"href":"https:\/\/used82.com\/index.php?rest_route=\/wp\/v2\/types\/post"}],"author":[{"embeddable":true,"href":"https:\/\/used82.com\/index.php?rest_route=\/wp\/v2\/users\/1"}],"replies":[{"embeddable":true,"href":"https:\/\/used82.com\/index.php?rest_route=%2Fwp%2Fv2%2Fcomments&post=6781"}],"version-history":[{"count":0,"href":"https:\/\/used82.com\/index.php?rest_route=\/wp\/v2\/posts\/6781\/revisions"}],"wp:attachment":[{"href":"https:\/\/used82.com\/index.php?rest_route=%2Fwp%2Fv2%2Fmedia&parent=6781"}],"wp:term":[{"taxonomy":"category","embeddable":true,"href":"https:\/\/used82.com\/index.php?rest_route=%2Fwp%2Fv2%2Fcategories&post=6781"},{"taxonomy":"post_tag","embeddable":true,"href":"https:\/\/used82.com\/index.php?rest_route=%2Fwp%2Fv2%2Ftags&post=6781"}],"curies":[{"name":"wp","href":"https:\/\/api.w.org\/{rel}","templated":true}]}}