{"id":6783,"date":"2023-12-26T17:23:43","date_gmt":"2023-12-26T17:23:43","guid":{"rendered":"https:\/\/used82.com\/?p=6783"},"modified":"2023-12-26T17:23:43","modified_gmt":"2023-12-26T17:23:43","slug":"pika-e-zeze-e-policise-ngritet-aktakuze-ndaj-33-zyrtareve-policore-dhe-dy-doganiereve","status":"publish","type":"post","link":"https:\/\/used82.com\/?p=6783","title":{"rendered":"\u201cPika e zez\u00eb e Policis\u00eb\u201d \u2013 Ngrit\u00ebt aktakuz\u00eb ndaj 33 zyrtar\u00ebve policor\u00eb dhe dy doganier\u00ebve"},"content":{"rendered":"<p><strong>Prokuroria Speciale e Republik\u00ebs s\u00eb Kosov\u00ebs ka ngritur aktakuz\u00eb ndaj 33 zyrtar\u00ebve policor\u00eb dhe 2 zyrtar\u00ebve doganor p\u00ebr veprat penale \u2018\u2019Marrja e ryshfetit\u2019\u2019, dhe \u2018\u2019Keqp\u00ebrdorim i pozit\u00ebs apo autoritetit zyrtar\u00eb\u2019\u2019, shkruan Insajderi.<\/strong><\/p>\n<div class=\"des-adv\">\n<p>Prokuroria ka njoftuar se aktakuza \u00ebsht\u00eb ngritur ndaj 12 zyrtar\u00ebve policor\u00eb t\u00eb Stacionit Policor p\u00ebr Mbik\u00ebqyrje t\u00eb Kufirit<strong>\u00a0\u2018\u2019Qaf\u00eb\u00a0 Prush\u2019\u2019<\/strong>, dhe kund\u00ebr dy zyrtar\u00ebve doganor\u00eb, n\u00eb kuad\u00ebr t\u00eb Drejtoris\u00eb\u00a0 Rajonale t\u00eb Policis\u00eb Kufitare, p\u00ebr shkak t\u00eb dyshimit t\u00eb bazuar mir\u00eb se e kan\u00eb kryer vepr\u00ebn penale \u2018\u2019Marrja e ryshfetit\u2019\u2019 e sanksionuar me nenin 421 t\u00eb Kodit Penal.<\/p>\n<figure class=\"wp-block-embed is-type-video is-provider-youtube wp-block-embed-youtube wp-embed-aspect-16-9 wp-has-aspect-ratio\">\n<div class=\"wp-block-embed__wrapper\"><iframe loading=\"lazy\" title=\"InDoks  | Pika e Zez\u00eb e Policis\u00eb\" src=\"https:\/\/www.youtube.com\/embed\/m-WnJdh9qk4?feature=oembed\" width=\"640\" height=\"360\" frameborder=\"0\" allowfullscreen=\"allowfullscreen\"><\/iframe><\/div>\n<\/figure>\n<p>Po ashtu, Prokuroria Speciale e Republik\u00ebs s\u00eb Kosov\u00ebs (PSRK), ka ngritur aktakuz\u00eb n\u00eb Gjykat\u00ebn Themelore n\u00eb Prishtin\u00eb \u2013 Departamentin Special, kund\u00ebr nj\u00ebzet e tre\u00a0 (23) zyrtar\u00ebve policor\u00eb t\u00eb Stacionit Policor p\u00ebr Mbik\u00ebqyrje t\u00eb Kufirit\u00a0<strong>\u2018\u2019Qaf\u00eb\u00a0 Morin\u00eb\u2019\u2019<\/strong>, n\u00eb kuad\u00ebr t\u00eb Drejtoris\u00eb\u00a0 Rajonale t\u00eb Policis\u00eb Kufitare, p\u00ebr shkak t\u00eb dyshimit t\u00eb bazuar mir\u00eb se e kan\u00eb kryer vepr\u00ebn penale \u2018\u2019Marrja e ryshfetit\u2019\u2019 e sanksionuar me nenin 421 t\u00eb Kodit Penal dhe \u2018\u2019Keqp\u00ebrdorim i pozit\u00ebs apo autoritetit zyrtar\u00eb\u2019\u2019 e sanksionuar me nenin 414 t\u00eb Kodit Penal.<\/p>\n<p><strong>Indoks kishte raportuar para nj\u00eb viti p\u00ebr arrestimin e 50 zyrtar\u00ebve policor pas nj\u00eb akisoni t\u00eb gj\u00ebr\u00eb policor. N\u00ebrsa prokuroria b\u00ebri t\u00eb ditur sot ndaj 33 zyrtar\u00ebve policor\u00eb dhe 2 doganier\u00ebve.<\/strong><\/p>\n<p><strong>InDoks ka siguruar emrat e t\u00eb gjith\u00eb t\u00eb arrestuarve.<\/strong><\/p>\n<p>Operacioni \u201cPika\u201d ka prangosur 25 zyrtar\u00ebt policor\u00eb t\u00eb pik\u00ebs kufitar\u00eb Qaf\u00eb Morin\u00eb dhe ata jan\u00eb: Ahmet Krasniqi, Ahmet Shabanaj, Agim Had\u00ebrgjonaj, Besim Lokaj, Dem\u00eb Lokaj, Fatmir Sadiku, Fazli Gjombalaj, Gani Ahmeti, G\u00ebzim Hoxhaj, Gzim Shabani, G\u00ebzim Turkaj, Haki Dobraj, Hamez Puka, Hysen Hasani, Isa Dobraj, Ismet Deva, Ismet Tahiraj, Kadri Selmonaj, Lush Himaj, Mergim Bekaj, Rasim Tolaj Sk\u00ebnder Meta, Xhem\u00eb Hadergjonaj, Xhevdet Haklaj dhe Xhavit Lokaj.<\/p>\n<figure class=\"wp-block-image\"><\/figure>\n<p>22 zyrtar\u00eb policor\u00eb dhe dy doganier\u00eb jan\u00eb prangosur n\u00eb pik\u00ebn kufitare Qaf\u00eb Prush:\u00a0 Artan Thaqi, Agron Bejtullahu, Afrim Deda, Avdi Perolli, Benon K\u00ebpuska, Isa Ibrahimi, Kreshnik Arllati, Labinot Morina, Mal\u00eb Berisha, Mehmet Manxhuka, Osmon Smajlaj, Sami Hajdari, Shaqir Krasniqi, Uran Mati, Aqif Blyta, Blerim Xhiha, Bardhec Berisha, Burim Kajtazi, Bekim Berdynaj, Kol Biblekaj, Mehdi Ukshini, Ramiz Ahmetaj dhe dy zyrtar\u00ebt doganor\u00eb, Enis Turtulla dhe Senad Zherka.<\/p>\n<\/div>\n","protected":false},"excerpt":{"rendered":"<p>Prokuroria Speciale e Republik\u00ebs s\u00eb Kosov\u00ebs ka ngritur aktakuz\u00eb ndaj 33 zyrtar\u00ebve policor\u00eb dhe 2&#8230;<\/p>\n","protected":false},"author":1,"featured_media":0,"comment_status":"open","ping_status":"open","sticky":false,"template":"","format":"standard","meta":{"om_disable_all_campaigns":false,"_monsterinsights_skip_tracking":false,"_monsterinsights_sitenote_active":false,"_monsterinsights_sitenote_note":"","_monsterinsights_sitenote_category":0,"_uf_show_specific_survey":0,"_uf_disable_surveys":false,"footnotes":""},"categories":[1],"tags":[],"class_list":["post-6783","post","type-post","status-publish","format-standard","hentry","category-uncategorized"],"aioseo_notices":[],"views":39,"_links":{"self":[{"href":"https:\/\/used82.com\/index.php?rest_route=\/wp\/v2\/posts\/6783","targetHints":{"allow":["GET"]}}],"collection":[{"href":"https:\/\/used82.com\/index.php?rest_route=\/wp\/v2\/posts"}],"about":[{"href":"https:\/\/used82.com\/index.php?rest_route=\/wp\/v2\/types\/post"}],"author":[{"embeddable":true,"href":"https:\/\/used82.com\/index.php?rest_route=\/wp\/v2\/users\/1"}],"replies":[{"embeddable":true,"href":"https:\/\/used82.com\/index.php?rest_route=%2Fwp%2Fv2%2Fcomments&post=6783"}],"version-history":[{"count":0,"href":"https:\/\/used82.com\/index.php?rest_route=\/wp\/v2\/posts\/6783\/revisions"}],"wp:attachment":[{"href":"https:\/\/used82.com\/index.php?rest_route=%2Fwp%2Fv2%2Fmedia&parent=6783"}],"wp:term":[{"taxonomy":"category","embeddable":true,"href":"https:\/\/used82.com\/index.php?rest_route=%2Fwp%2Fv2%2Fcategories&post=6783"},{"taxonomy":"post_tag","embeddable":true,"href":"https:\/\/used82.com\/index.php?rest_route=%2Fwp%2Fv2%2Ftags&post=6783"}],"curies":[{"name":"wp","href":"https:\/\/api.w.org\/{rel}","templated":true}]}}