{"id":6785,"date":"2023-12-26T17:25:14","date_gmt":"2023-12-26T17:25:14","guid":{"rendered":"https:\/\/used82.com\/?p=6785"},"modified":"2023-12-26T17:25:14","modified_gmt":"2023-12-26T17:25:14","slug":"vjen-reagimi-nga-kesco-rritja-e-faturave-eshte-rezultat-i-rritjes-se-konsumit-te-energjise-elektrike","status":"publish","type":"post","link":"https:\/\/used82.com\/?p=6785","title":{"rendered":"Vjen reagimi nga KESCO: Rritja e faturave \u00ebsht\u00eb rezultat i rritjes s\u00eb konsumit t\u00eb energjis\u00eb elektrike"},"content":{"rendered":"<p><strong><em>Pas shum\u00eb ankeave nga qyetar\u00ebt, KESCO ka dalur me nj\u00eb reagim publik lidhur me fatyrat e larta t\u00eb energjis\u00eb elektrike k\u00ebt\u00eb muaj, shkruan Gazeta Insajderi.<\/em><\/strong><\/p>\n<p>Sipas njoftimi t\u00eb tyre, rritja e vler\u00ebs se faturave n\u00eb ket\u00eb muaj dimri \u00ebsht\u00eb rezultat i rritjes s\u00eb konsumit t\u00eb energjis\u00eb elektrike.<\/p>\n<p>\u201cKESCO njofton konsumator\u00ebt dhe opinionin publik q\u00eb nuk ka pasur rritje t\u00eb tarifave fundore\u201d, thuhet tutje n\u00eb njoftim.<\/p>\n<p><strong>Komunikata e plot\u00eb:<\/strong><\/p>\n<p>KESCO njofton konsumator\u00ebt dhe opinionin publik q\u00eb nuk ka pasur rritje t\u00eb tarifave fundore. Tarifat e energjis\u00eb elektrike jan\u00eb rishikuar dhe rritur af\u00ebrsisht 15% krahasuar me tarifat 2022-2023, me vendim t\u00eb ZRrE-s\u00eb, m\u00eb 1 prill 2023.<\/p>\n<p>Rritja e vler\u00ebs se faturave n\u00eb ket\u00eb muaj dimri \u00ebsht\u00eb rezultat i rritjes s\u00eb konsumit t\u00eb energjis\u00eb elektrike, ve\u00e7an\u00ebrisht te konsumator\u00ebt q\u00eb e p\u00ebrdorin energjin\u00eb elektrik\u00eb p\u00ebr ngrohje. Konsumimi i energjis\u00eb elektrike n\u00eb vler\u00eb m\u00eb shum\u00eb se 800 kWh n\u00eb muaj faturohet me tarif\u00eb m\u00eb t\u00eb lart\u00eb, ashtu si\u00e7 paraqiten n\u00eb \u00e7do fatur\u00eb te konsumator\u00ebve.\u00a0<a href=\"https:\/\/www.kesco-energy.com\/Uploads\/Data\/Docs\/TarifatmepakiceteenergjiseelektrikeV_1713_2023__rWBbyTWDjN.pdf\" target=\"_blank\" rel=\"noreferrer noopener\">Shih Vendimin e ZRrE-s\u00eb.<\/a><\/p>\n<figure class=\"wp-block-embed is-type-video is-provider-youtube wp-block-embed-youtube wp-embed-aspect-16-9 wp-has-aspect-ratio\">\n<div class=\"wp-block-embed__wrapper\"><iframe loading=\"lazy\" title=\"U b\u00eb viral me videot duke ecur n\u00eb TikTok, Ibrahimi rr\u00ebfen me lot n\u00eb sy jet\u00ebn prapa grilave\" src=\"https:\/\/www.youtube.com\/embed\/yRJ7tzPnyaw?start=1&amp;feature=oembed\" width=\"640\" height=\"360\" frameborder=\"0\" allowfullscreen=\"allowfullscreen\" data-mce-fragment=\"1\"><\/iframe><\/div>\n<\/figure>\n<div class=\"des-adv jashtshteti\"><\/div>\n","protected":false},"excerpt":{"rendered":"<p>Pas shum\u00eb ankeave nga qyetar\u00ebt, KESCO ka dalur me nj\u00eb reagim publik lidhur me fatyrat&#8230;<\/p>\n","protected":false},"author":1,"featured_media":0,"comment_status":"open","ping_status":"open","sticky":false,"template":"","format":"standard","meta":{"om_disable_all_campaigns":false,"_monsterinsights_skip_tracking":false,"_monsterinsights_sitenote_active":false,"_monsterinsights_sitenote_note":"","_monsterinsights_sitenote_category":0,"_uf_show_specific_survey":0,"_uf_disable_surveys":false,"footnotes":""},"categories":[1],"tags":[],"class_list":["post-6785","post","type-post","status-publish","format-standard","hentry","category-uncategorized"],"aioseo_notices":[],"views":34,"_links":{"self":[{"href":"https:\/\/used82.com\/index.php?rest_route=\/wp\/v2\/posts\/6785","targetHints":{"allow":["GET"]}}],"collection":[{"href":"https:\/\/used82.com\/index.php?rest_route=\/wp\/v2\/posts"}],"about":[{"href":"https:\/\/used82.com\/index.php?rest_route=\/wp\/v2\/types\/post"}],"author":[{"embeddable":true,"href":"https:\/\/used82.com\/index.php?rest_route=\/wp\/v2\/users\/1"}],"replies":[{"embeddable":true,"href":"https:\/\/used82.com\/index.php?rest_route=%2Fwp%2Fv2%2Fcomments&post=6785"}],"version-history":[{"count":0,"href":"https:\/\/used82.com\/index.php?rest_route=\/wp\/v2\/posts\/6785\/revisions"}],"wp:attachment":[{"href":"https:\/\/used82.com\/index.php?rest_route=%2Fwp%2Fv2%2Fmedia&parent=6785"}],"wp:term":[{"taxonomy":"category","embeddable":true,"href":"https:\/\/used82.com\/index.php?rest_route=%2Fwp%2Fv2%2Fcategories&post=6785"},{"taxonomy":"post_tag","embeddable":true,"href":"https:\/\/used82.com\/index.php?rest_route=%2Fwp%2Fv2%2Ftags&post=6785"}],"curies":[{"name":"wp","href":"https:\/\/api.w.org\/{rel}","templated":true}]}}