{"id":6791,"date":"2023-12-26T20:06:59","date_gmt":"2023-12-26T20:06:59","guid":{"rendered":"https:\/\/used82.com\/?p=6791"},"modified":"2023-12-26T20:06:59","modified_gmt":"2023-12-26T20:06:59","slug":"tragjedia-ne-malin-e-zi-dalin-fotot-e-3-shqiptareve-qe-humben-jeten-ne-aksident-mes-tyre-nje-cft-i-ri","status":"publish","type":"post","link":"https:\/\/used82.com\/?p=6791","title":{"rendered":"TRAGJEDIA n\u00eb Malin e ZI, dalin FOTOT e 3 SHQIPTAR\u00cbVE q\u00eb humb\u00ebn jet\u00ebn n\u00eb aksident, mes tyre nj\u00eb \u00e7ft i ri!"},"content":{"rendered":"<article id=\"post-14596\" class=\"post-14596 post type-post status-publish format-standard has-post-thumbnail hentry category-uncategorized\">\n<div class=\"entry-content\">\n<p>Dalin<strong>\u00a0fotot<\/strong>\u00a0e t\u00eb rinjve q\u00eb humb\u00ebn jet\u00ebn nga<strong>\u00a0aksidenti tragjik\u00a0<\/strong>n\u00eb\u00a0<strong>Malin e Zi<\/strong>, ku kat\u00ebr persona nd\u00ebrruan jet\u00eb, tre prej t\u00eb cil\u00ebve shqiptar\u00eb.<\/p>\n<p>Ngjarja ka ndodhur mbr\u00ebmjen e kaluar n\u00eb\u00a0<strong>Barane<\/strong>\u00a0n\u00eb af\u00ebrsi t\u00eb<strong>\u00a0Plav\u00ebs<\/strong>\u00a0dhe tre nga viktimat jan\u00eb shqiptar\u00eb, kurse nj\u00eb<strong>\u00a0malazes<\/strong>.<\/p>\n<p>M\u00ebsohet se si pasoj\u00eb e aksidentit kan\u00eb gjetur vdekjen shtetasit,\u00a0<strong>Mirza Mekuli<\/strong>,\u00a0<strong>E. Haxhaj<\/strong>, bashk\u00eb me bashk\u00ebshorten e tij,\u00a0<strong>M. Haxhaj<\/strong>, p\u00ebrkat\u00ebsisht 26 dhe 20 vje\u00e7e, dhe\u00a0<strong>N.Cirkoviq<\/strong>, malazez, 26 vje\u00e7.<\/p>\n<p><strong>Mekuli<\/strong>, ishte e plagosur r\u00ebnd\u00eb dhe ka vdekur n\u00eb spital pak or\u00eb m\u00eb von\u00eb p\u00ebr shkak t\u00eb plag\u00ebve t\u00eb marra.<\/p>\n<p>M\u00ebsohet se dy automjete jan\u00eb p\u00ebrplasur kok\u00eb m\u00eb kok\u00eb, gj\u00eb q\u00eb ka rezultuar fatale, teksa hetimet p\u00ebr rastin po vazhdojn\u00eb.<\/p>\n<p><img decoding=\"async\" src=\"https:\/\/cdnimpuls.com\/voxnews.al\/media3\/-640-0-prt-1703589697.png\" \/><\/p>\n<p><img decoding=\"async\" src=\"https:\/\/cdnimpuls.com\/voxnews.al\/media3\/-640-0-o-1896027-1024-1703589716.jpg\" \/><\/p>\n<div class=\"code-block code-block-7\"><\/div>\n<p><img decoding=\"async\" src=\"https:\/\/cdnimpuls.com\/voxnews.al\/media3\/-640-0-vdekur-1703589697.png\" \/><\/p>\n<p><img decoding=\"async\" src=\"https:\/\/cdnimpuls.com\/voxnews.al\/media3\/-640-0-udes-kod-plava-3-1703589711.jpg\" \/><\/p>\n<\/div>\n<\/article>\n","protected":false},"excerpt":{"rendered":"<p>Dalin\u00a0fotot\u00a0e t\u00eb rinjve q\u00eb humb\u00ebn jet\u00ebn nga\u00a0aksidenti tragjik\u00a0n\u00eb\u00a0Malin e Zi, ku kat\u00ebr persona nd\u00ebrruan jet\u00eb,&#8230;<\/p>\n","protected":false},"author":1,"featured_media":0,"comment_status":"open","ping_status":"open","sticky":false,"template":"","format":"standard","meta":{"om_disable_all_campaigns":false,"_monsterinsights_skip_tracking":false,"_monsterinsights_sitenote_active":false,"_monsterinsights_sitenote_note":"","_monsterinsights_sitenote_category":0,"_uf_show_specific_survey":0,"_uf_disable_surveys":false,"footnotes":""},"categories":[1],"tags":[],"class_list":["post-6791","post","type-post","status-publish","format-standard","hentry","category-uncategorized"],"aioseo_notices":[],"views":34,"_links":{"self":[{"href":"https:\/\/used82.com\/index.php?rest_route=\/wp\/v2\/posts\/6791","targetHints":{"allow":["GET"]}}],"collection":[{"href":"https:\/\/used82.com\/index.php?rest_route=\/wp\/v2\/posts"}],"about":[{"href":"https:\/\/used82.com\/index.php?rest_route=\/wp\/v2\/types\/post"}],"author":[{"embeddable":true,"href":"https:\/\/used82.com\/index.php?rest_route=\/wp\/v2\/users\/1"}],"replies":[{"embeddable":true,"href":"https:\/\/used82.com\/index.php?rest_route=%2Fwp%2Fv2%2Fcomments&post=6791"}],"version-history":[{"count":0,"href":"https:\/\/used82.com\/index.php?rest_route=\/wp\/v2\/posts\/6791\/revisions"}],"wp:attachment":[{"href":"https:\/\/used82.com\/index.php?rest_route=%2Fwp%2Fv2%2Fmedia&parent=6791"}],"wp:term":[{"taxonomy":"category","embeddable":true,"href":"https:\/\/used82.com\/index.php?rest_route=%2Fwp%2Fv2%2Fcategories&post=6791"},{"taxonomy":"post_tag","embeddable":true,"href":"https:\/\/used82.com\/index.php?rest_route=%2Fwp%2Fv2%2Ftags&post=6791"}],"curies":[{"name":"wp","href":"https:\/\/api.w.org\/{rel}","templated":true}]}}