{"id":6795,"date":"2023-12-26T20:11:16","date_gmt":"2023-12-26T20:11:16","guid":{"rendered":"https:\/\/used82.com\/?p=6795"},"modified":"2023-12-26T20:11:16","modified_gmt":"2023-12-26T20:11:16","slug":"vv-kembengulja-jone-e-detyroi-serbine-te-zmbrapset-e-ti-pranoj-targat-rks","status":"publish","type":"post","link":"https:\/\/used82.com\/?p=6795","title":{"rendered":"VV: K\u00ebmb\u00ebngulja jon\u00eb e detyroi Serbin\u00eb t\u00eb zmbrapset e t\u2019i pranoj targat RKS"},"content":{"rendered":"<article id=\"post-14583\" class=\"post-14583 post type-post status-publish format-standard has-post-thumbnail hentry category-uncategorized\">\n<div class=\"entry-content\">\n<p><strong>Gjat\u00eb dit\u00ebs s\u00eb djeshme Qeveria e Serbis\u00eb vendosi q\u00eb veturat me targa RKS t\u00eb lejohen t\u00eb qarkullojn\u00eb brenda territorit t\u00eb saj q\u00eb nga 1 janari i vitit t\u00eb ardhsh\u00ebm. K\u00ebt\u00eb vendim e ka shpalosur drejtori p\u00ebr Kosov\u00eb n\u00eb Qeverin\u00eb e Serbis\u00eb, Petar Petkoviq i cili tha se po e implementojn\u00eb nj\u00eb marr\u00ebveshje t\u00eb n\u00ebnshkruar nga Borko Stefanoviq, tani opozitar serb, raporton Gazeta Sinjali.<\/strong><\/p>\n<p>E, p\u00ebr k\u00ebt\u00eb vendim ka reaguar L\u00ebvizja Vet\u00ebvendosje, e cila tha se k\u00ebmb\u00ebngulja e tyre e detyroi Qeverin\u00eb serbe ta pranoj\u00eb k\u00ebt\u00eb marr\u00ebveshje, teksa e vler\u00ebsojn\u00eb si arritje t\u00eb r\u00ebnd\u00ebsishme t\u00eb shtetit e qeverisjes.<\/p>\n<p>Vet\u00ebvendosje po ashtu shtoi edhe disa sugjerime t\u00eb radh\u00ebs p\u00ebr qeverin\u00eb n\u00eb fjal\u00eb.<\/p>\n<p>\u201cK\u00ebmb\u00ebngulja jon\u00eb n\u00eb at\u00eb q\u00eb \u00ebsht\u00eb e drejt\u00eb, n\u00eb fund e detyroi Serbin\u00eb t\u00eb zmbrapset e t\u2019i pranoj targat RKS. Do t\u00eb duhej q\u00eb pas k\u00ebsaj ajo t\u2019i pranoj\u00eb edhe pasaportat, diplomat e t\u00eb gjitha dokumentet. Kjo \u00ebsht\u00eb nj\u00eb e arritur e r\u00ebnd\u00ebsishme e shtetit dhe qeveris\u00eb ton\u00eb p\u00ebr qytetar\u00ebt e Republik\u00ebs s\u00eb Kosov\u00ebs\u201d, than\u00eb nga kjo parti.<\/p>\n<figure class=\"wp-block-video\"><video src=\"https:\/\/sinjali.com\/wp-content\/uploads\/2023\/12\/414433202_1284863462188660_7176290214026507116_n.mp4\" controls=\"controls\" width=\"300\" height=\"150\" data-mce-fragment=\"1\" data-origwidth=\"300\" data-origheight=\"150\"><\/video><\/figure>\n<\/div>\n<\/article>\n","protected":false},"excerpt":{"rendered":"<p>Gjat\u00eb dit\u00ebs s\u00eb djeshme Qeveria e Serbis\u00eb vendosi q\u00eb veturat me targa RKS t\u00eb lejohen&#8230;<\/p>\n","protected":false},"author":1,"featured_media":0,"comment_status":"open","ping_status":"open","sticky":false,"template":"","format":"standard","meta":{"om_disable_all_campaigns":false,"_monsterinsights_skip_tracking":false,"_monsterinsights_sitenote_active":false,"_monsterinsights_sitenote_note":"","_monsterinsights_sitenote_category":0,"_uf_show_specific_survey":0,"_uf_disable_surveys":false,"footnotes":""},"categories":[1],"tags":[],"class_list":["post-6795","post","type-post","status-publish","format-standard","hentry","category-uncategorized"],"aioseo_notices":[],"views":35,"_links":{"self":[{"href":"https:\/\/used82.com\/index.php?rest_route=\/wp\/v2\/posts\/6795","targetHints":{"allow":["GET"]}}],"collection":[{"href":"https:\/\/used82.com\/index.php?rest_route=\/wp\/v2\/posts"}],"about":[{"href":"https:\/\/used82.com\/index.php?rest_route=\/wp\/v2\/types\/post"}],"author":[{"embeddable":true,"href":"https:\/\/used82.com\/index.php?rest_route=\/wp\/v2\/users\/1"}],"replies":[{"embeddable":true,"href":"https:\/\/used82.com\/index.php?rest_route=%2Fwp%2Fv2%2Fcomments&post=6795"}],"version-history":[{"count":0,"href":"https:\/\/used82.com\/index.php?rest_route=\/wp\/v2\/posts\/6795\/revisions"}],"wp:attachment":[{"href":"https:\/\/used82.com\/index.php?rest_route=%2Fwp%2Fv2%2Fmedia&parent=6795"}],"wp:term":[{"taxonomy":"category","embeddable":true,"href":"https:\/\/used82.com\/index.php?rest_route=%2Fwp%2Fv2%2Fcategories&post=6795"},{"taxonomy":"post_tag","embeddable":true,"href":"https:\/\/used82.com\/index.php?rest_route=%2Fwp%2Fv2%2Ftags&post=6795"}],"curies":[{"name":"wp","href":"https:\/\/api.w.org\/{rel}","templated":true}]}}