{"id":6797,"date":"2023-12-26T20:14:49","date_gmt":"2023-12-26T20:14:49","guid":{"rendered":"https:\/\/used82.com\/?p=6797"},"modified":"2023-12-26T20:14:49","modified_gmt":"2023-12-26T20:14:49","slug":"dash-sula-tradhton-berishen-tani-do-e-kete-te-veshtire-ta-drejtoje-partine-nga-shtepia","status":"publish","type":"post","link":"https:\/\/used82.com\/?p=6797","title":{"rendered":"Dash Sula \u201ctradhton\u201d Berish\u00ebn\u201d: Tani do e ket\u00eb t\u00eb v\u00ebshtir\u00eb ta drejtoj\u00eb partin\u00eb nga sht\u00ebpia"},"content":{"rendered":"<p>Deputeti i Partis\u00eb Demokratike, Dashnor Sula, ka komentuar k\u00ebrkes\u00ebn e SPAK p\u00ebr arrestin n\u00eb sht\u00ebpi t\u00eb ish-kryeministrit Sali Berisha.<\/p>\n<p>I ftuar n\u00eb studion e News24 Sula u shpreh se kjo k\u00ebrkes\u00eb e SPAK \u00ebsht\u00eb e tepruar, duke iu referuar udh\u00ebzimit p\u00ebr ndalimin e komunikimit t\u00eb Berish\u00ebs me personat jasht\u00eb familjes. M\u00eb tej ai tha se Berisha \u00ebsht\u00eb n\u00eb t\u00eb drejt\u00ebn e vet\u00eb personale p\u00ebr t\u00eb ushtruar aktivitetin politik p\u00ebr sa koh\u00eb nuk ka nj\u00eb vendim t\u00eb form\u00ebs s\u00eb prer\u00eb, por do ta ket\u00eb t\u00eb v\u00ebshtir\u00eb drejtimin me kufizimet e k\u00ebrkuara ndaj tij.<\/p>\n<p>\u201cK\u00ebrkesa e SPAK \u00ebsht\u00eb e tepruar, duke marr\u00eb parasysh q\u00eb nuk i lejohet komunikimi me personat jasht\u00eb familjes. Berisha \u00ebsht\u00eb n\u00eb t\u00eb drejt\u00ebn e vet\u00eb personale p\u00ebr t\u00eb ushtruar aktivitetin politik p\u00ebr sa koh\u00eb nuk ka nj\u00eb vendim t\u00eb form\u00ebs s\u00eb prer\u00eb.<\/p>\n<p>Nuk i di mjetet q\u00eb do t\u00eb p\u00ebrdor\u00eb Berisha p\u00ebr t\u00eb patur komunikim me PD-n\u00eb. Duhet t\u00eb jemi t\u00eb sinqert\u00eb, me kufizimet q\u00eb ka \u00ebsht\u00eb shum\u00eb e v\u00ebshtir\u00eb p\u00ebr t\u00eb drejtuar partin\u00eb nga sht\u00ebpia n\u00ebn arrest.<\/p>\n","protected":false},"excerpt":{"rendered":"<p>Deputeti i Partis\u00eb Demokratike, Dashnor Sula, ka komentuar k\u00ebrkes\u00ebn e SPAK p\u00ebr arrestin n\u00eb sht\u00ebpi&#8230;<\/p>\n","protected":false},"author":1,"featured_media":0,"comment_status":"open","ping_status":"open","sticky":false,"template":"","format":"standard","meta":{"om_disable_all_campaigns":false,"_monsterinsights_skip_tracking":false,"_monsterinsights_sitenote_active":false,"_monsterinsights_sitenote_note":"","_monsterinsights_sitenote_category":0,"_uf_show_specific_survey":0,"_uf_disable_surveys":false,"footnotes":""},"categories":[1],"tags":[],"class_list":["post-6797","post","type-post","status-publish","format-standard","hentry","category-uncategorized"],"aioseo_notices":[],"views":36,"_links":{"self":[{"href":"https:\/\/used82.com\/index.php?rest_route=\/wp\/v2\/posts\/6797","targetHints":{"allow":["GET"]}}],"collection":[{"href":"https:\/\/used82.com\/index.php?rest_route=\/wp\/v2\/posts"}],"about":[{"href":"https:\/\/used82.com\/index.php?rest_route=\/wp\/v2\/types\/post"}],"author":[{"embeddable":true,"href":"https:\/\/used82.com\/index.php?rest_route=\/wp\/v2\/users\/1"}],"replies":[{"embeddable":true,"href":"https:\/\/used82.com\/index.php?rest_route=%2Fwp%2Fv2%2Fcomments&post=6797"}],"version-history":[{"count":0,"href":"https:\/\/used82.com\/index.php?rest_route=\/wp\/v2\/posts\/6797\/revisions"}],"wp:attachment":[{"href":"https:\/\/used82.com\/index.php?rest_route=%2Fwp%2Fv2%2Fmedia&parent=6797"}],"wp:term":[{"taxonomy":"category","embeddable":true,"href":"https:\/\/used82.com\/index.php?rest_route=%2Fwp%2Fv2%2Fcategories&post=6797"},{"taxonomy":"post_tag","embeddable":true,"href":"https:\/\/used82.com\/index.php?rest_route=%2Fwp%2Fv2%2Ftags&post=6797"}],"curies":[{"name":"wp","href":"https:\/\/api.w.org\/{rel}","templated":true}]}}