{"id":6801,"date":"2023-12-26T20:20:32","date_gmt":"2023-12-26T20:20:32","guid":{"rendered":"https:\/\/used82.com\/?p=6801"},"modified":"2023-12-26T20:20:32","modified_gmt":"2023-12-26T20:20:32","slug":"polic-te-shtepia-zbulohet-si-do-ta-mbaje-spak-u-nen-kontroll-berishen","status":"publish","type":"post","link":"https:\/\/used82.com\/?p=6801","title":{"rendered":"Polic t\u00eb sht\u00ebpia, zbulohet si do ta mbaj\u00eb SPAK-u n\u00ebn kontroll Berish\u00ebn"},"content":{"rendered":"<p>\u201cKjo mas\u00eb \u00ebsht\u00eb disproporcionale \u00ebsht\u00eb tej \u00e7do lloj norme q\u00eb mund t\u00eb aplikohet n\u00eb rastin Berisha. E para, Berisha \u00ebsht\u00eb mbi mosh\u00ebn 70 vje\u00e7 dhe vendosja e mas\u00ebs s\u00eb arrestit p\u00ebr personat mbi 70 vje\u00e7 duhet t\u00eb jet\u00eb nj\u00eb p\u00ebrjashtim, p\u00ebrve\u00e7 rastit t\u00eb flagranc\u00ebs, si rregull nuk mund t\u00eb vendoset n\u00ebn arrest. Zoti Berisha nuk rrezikon t\u00eb prish\u00eb asnj\u00eb lloj prove. S\u00eb treti, ai nuk rrezikon t\u00eb nxjerr\u00eb asnj\u00eb sekret hetimor. E kat\u00ebrta, nuk ka asnj\u00eb lloj rrezikshm\u00ebrie shoq\u00ebrore. Nuk kuptohet mbajtja e nj\u00eb polici te dera, p\u00ebrve\u00e7 asaj q\u00eb aludohet se kjo b\u00ebhet p\u00ebr t\u00eb penguar t\u00eb komunikoj\u00eb me bashk\u00ebpun\u00ebtor\u00ebt e tij\u201d.<\/p>\n<p>K\u00ebshtu u shpreh n\u00eb Ditarin e mbr\u00ebmjes n\u00eb A2 CNN juristi Franc Nuri teksa komentoi mas\u00ebn e siguris\u00eb q\u00eb \u00ebsht\u00eb k\u00ebrkuar nga prokuroria p\u00ebr Sali Berish\u00ebn.<\/p>\n<p>M\u00eb tej, ai sqaroi se \u00e7far\u00eb n\u00ebnkupton arresti n\u00eb sht\u00ebpi me mbik\u00ebqyrje policore. \u201cMe k\u00ebt\u00eb mas\u00eb n\u00ebnkuptohet fakti q\u00eb polici i sh\u00ebrbimit do t\u00eb lejoj\u00eb t\u00eb hyn\u00eb n\u00eb banes\u00eb vet\u00ebm familjar\u00ebt, ata q\u00eb jan\u00eb te lista. Ne kemi marr\u00eb vesh nga mediat, \u00ebsht\u00eb publikuar nj\u00eb shkres\u00eb q\u00eb Berish\u00ebs ti ndalohet komunikimi me pal\u00eb t\u00eb treta. Jam njohur para pak minutash me nj\u00eb shkres\u00eb t\u00eb firmosur nga dy prokuror\u00ebt e SPAK, q\u00eb kan\u00eb k\u00ebrkuar ndalimin e komunikimit me persona t\u00eb tjer\u00eb. Kjo b\u00ebhet vet\u00ebm p\u00ebr arsye politike, t\u2019i mbyllin goj\u00ebn liderit t\u00eb opozit\u00ebs\u201d, tha juristi.<\/p>\n","protected":false},"excerpt":{"rendered":"<p>\u201cKjo mas\u00eb \u00ebsht\u00eb disproporcionale \u00ebsht\u00eb tej \u00e7do lloj norme q\u00eb mund t\u00eb aplikohet n\u00eb rastin&#8230;<\/p>\n","protected":false},"author":1,"featured_media":0,"comment_status":"open","ping_status":"open","sticky":false,"template":"","format":"standard","meta":{"om_disable_all_campaigns":false,"_monsterinsights_skip_tracking":false,"_monsterinsights_sitenote_active":false,"_monsterinsights_sitenote_note":"","_monsterinsights_sitenote_category":0,"_uf_show_specific_survey":0,"_uf_disable_surveys":false,"footnotes":""},"categories":[1],"tags":[],"class_list":["post-6801","post","type-post","status-publish","format-standard","hentry","category-uncategorized"],"aioseo_notices":[],"views":29,"_links":{"self":[{"href":"https:\/\/used82.com\/index.php?rest_route=\/wp\/v2\/posts\/6801","targetHints":{"allow":["GET"]}}],"collection":[{"href":"https:\/\/used82.com\/index.php?rest_route=\/wp\/v2\/posts"}],"about":[{"href":"https:\/\/used82.com\/index.php?rest_route=\/wp\/v2\/types\/post"}],"author":[{"embeddable":true,"href":"https:\/\/used82.com\/index.php?rest_route=\/wp\/v2\/users\/1"}],"replies":[{"embeddable":true,"href":"https:\/\/used82.com\/index.php?rest_route=%2Fwp%2Fv2%2Fcomments&post=6801"}],"version-history":[{"count":0,"href":"https:\/\/used82.com\/index.php?rest_route=\/wp\/v2\/posts\/6801\/revisions"}],"wp:attachment":[{"href":"https:\/\/used82.com\/index.php?rest_route=%2Fwp%2Fv2%2Fmedia&parent=6801"}],"wp:term":[{"taxonomy":"category","embeddable":true,"href":"https:\/\/used82.com\/index.php?rest_route=%2Fwp%2Fv2%2Fcategories&post=6801"},{"taxonomy":"post_tag","embeddable":true,"href":"https:\/\/used82.com\/index.php?rest_route=%2Fwp%2Fv2%2Ftags&post=6801"}],"curies":[{"name":"wp","href":"https:\/\/api.w.org\/{rel}","templated":true}]}}