{"id":6803,"date":"2023-12-27T13:13:46","date_gmt":"2023-12-27T13:13:46","guid":{"rendered":"https:\/\/used82.com\/?p=6803"},"modified":"2023-12-27T13:13:46","modified_gmt":"2023-12-27T13:13:46","slug":"lehtesohet-procesi-i-marrjes-se-shtetesise-se-kosoves","status":"publish","type":"post","link":"https:\/\/used82.com\/?p=6803","title":{"rendered":"Leht\u00ebsohet procesi i marrjes s\u00eb shtet\u00ebsis\u00eb s\u00eb Kosov\u00ebs"},"content":{"rendered":"<p>Projektligjit p\u00ebr Shtet\u00ebsin\u00eb e Kosov\u00ebs, \u00ebsht\u00eb miratuar n\u00eb mbledhjen e fundit t\u00eb Qeveris\u00eb.<\/p>\n<p>Kurti tha se ky Projektligj \u00ebsht\u00eb nj\u00eb korniz\u00eb ligjore q\u00eb synon t\u00eb rris\u00eb efikasitetin, transparenc\u00ebn, sigurin\u00eb dhe drejt\u00ebsin\u00eb e proceseve tona t\u00eb shtet\u00ebsis\u00eb.<\/p>\n<p>Ai \u00ebsht\u00eb shprehur se ky ligj, n\u00eb ve\u00e7anti leht\u00ebson fitimin e shtet\u00ebsis\u00eb t\u00eb personave me lejeq\u00ebndrim t\u00eb p\u00ebrhersh\u00ebm n\u00eb rrethana t\u00eb jasht\u00ebzakonshme, duke p\u00ebrfshir\u00eb edhe shqiptar\u00ebt e Preshev\u00ebs, Medvegj\u00ebs dhe Bujanocit q\u00eb jetojn\u00eb q\u00eb shum\u00eb vite n\u00eb Kosov\u00eb.<\/p>\n<p>Ministri i Pun\u00ebve t\u00eb Brendshme, Xhelal Sve\u00e7la, tha se synojn\u00eb t\u00eb rris\u00eb efikasitetin, transparenc\u00ebn dhe sigurin\u00eb e proceseve p\u00ebr shtet\u00ebsin\u00eb.<\/p>\n<p>Ai ka th\u00ebn\u00eb se ligji p\u00ebrcakton kritere t\u00eb qarta p\u00ebr marrjen, mbajtjen dhe heqjen e shtet\u00ebsis\u00eb, dhe p\u00ebrcakton nj\u00eb qasje t\u00eb shkall\u00ebzuar p\u00ebr marrje t\u00eb shtet\u00ebsis\u00eb n\u00eb p\u00ebrputhje me interesat tona komb\u00ebtare dhe objektivat e siguris\u00eb.<\/p>\n","protected":false},"excerpt":{"rendered":"<p>Projektligjit p\u00ebr Shtet\u00ebsin\u00eb e Kosov\u00ebs, \u00ebsht\u00eb miratuar n\u00eb mbledhjen e fundit t\u00eb Qeveris\u00eb. Kurti tha&#8230;<\/p>\n","protected":false},"author":1,"featured_media":0,"comment_status":"open","ping_status":"open","sticky":false,"template":"","format":"standard","meta":{"om_disable_all_campaigns":false,"_monsterinsights_skip_tracking":false,"_monsterinsights_sitenote_active":false,"_monsterinsights_sitenote_note":"","_monsterinsights_sitenote_category":0,"_uf_show_specific_survey":0,"_uf_disable_surveys":false,"footnotes":""},"categories":[1],"tags":[],"class_list":["post-6803","post","type-post","status-publish","format-standard","hentry","category-uncategorized"],"aioseo_notices":[],"views":31,"_links":{"self":[{"href":"https:\/\/used82.com\/index.php?rest_route=\/wp\/v2\/posts\/6803","targetHints":{"allow":["GET"]}}],"collection":[{"href":"https:\/\/used82.com\/index.php?rest_route=\/wp\/v2\/posts"}],"about":[{"href":"https:\/\/used82.com\/index.php?rest_route=\/wp\/v2\/types\/post"}],"author":[{"embeddable":true,"href":"https:\/\/used82.com\/index.php?rest_route=\/wp\/v2\/users\/1"}],"replies":[{"embeddable":true,"href":"https:\/\/used82.com\/index.php?rest_route=%2Fwp%2Fv2%2Fcomments&post=6803"}],"version-history":[{"count":0,"href":"https:\/\/used82.com\/index.php?rest_route=\/wp\/v2\/posts\/6803\/revisions"}],"wp:attachment":[{"href":"https:\/\/used82.com\/index.php?rest_route=%2Fwp%2Fv2%2Fmedia&parent=6803"}],"wp:term":[{"taxonomy":"category","embeddable":true,"href":"https:\/\/used82.com\/index.php?rest_route=%2Fwp%2Fv2%2Fcategories&post=6803"},{"taxonomy":"post_tag","embeddable":true,"href":"https:\/\/used82.com\/index.php?rest_route=%2Fwp%2Fv2%2Ftags&post=6803"}],"curies":[{"name":"wp","href":"https:\/\/api.w.org\/{rel}","templated":true}]}}