{"id":6807,"date":"2023-12-27T13:16:35","date_gmt":"2023-12-27T13:16:35","guid":{"rendered":"https:\/\/used82.com\/?p=6807"},"modified":"2023-12-27T13:16:35","modified_gmt":"2023-12-27T13:16:35","slug":"kurti-do-ti-njohim-targat-e-serbise-kur-te-sigurohemi-se-po-e-zbatojne-vendimin-per-targat-rks","status":"publish","type":"post","link":"https:\/\/used82.com\/?p=6807","title":{"rendered":"Kurti: Do t\u2019i njohim targat e Serbis\u00eb kur t\u00eb sigurohemi se po e zbatojn\u00eb vendimin p\u00ebr targat RKS"},"content":{"rendered":"<p><strong>Kryeministri i Kosov\u00ebs, Albin Kurti, ka th\u00ebn\u00eb se Kosova do t\u00eb filloj\u00eb njohjen e targave t\u00eb Serbis\u00eb sapo q\u00eb ta shoh\u00eb se kjo e fundit po i njeh ato t\u00eb Kosov\u00ebs.<\/strong><\/p>\n<p>Kurti k\u00ebt\u00eb e ka th\u00ebn\u00eb n\u00eb mbledhjen e Qeveris\u00eb t\u00eb m\u00ebrkur\u00ebn, duke th\u00ebn\u00eb se do t\u00eb jet\u00eb policia kufitare q\u00eb do ta v\u00ebrtetoj\u00eb nj\u00eb gj\u00eb t\u00eb till\u00eb, shkruan Gazeta Insajderi.<\/p>\n<p>\u201cVendimin ton\u00eb t\u00eb barasvlefsh\u00ebm si \u00e7\u00ebshtje e marr\u00ebdh\u00ebnieve reciproke nd\u00ebrshtet\u00ebrore do ta marrim sapo q\u00eb policia jon\u00eb kufitare do t\u00eb dokumentoj\u00eb dhe v\u00ebrtetoj\u00eb q\u00eb Serbia po e zbaton t\u00eb plot\u00eb dhe pa pengesa vendimin e saj\u201d, deklaroi shefi I Qeveris\u00eb.<\/p>\n<p>Tutje, ai pati rezerva p\u00ebr Qeverin\u00eb e Serbis\u00eb p\u00ebr \u00e7\u00ebshtjen e targave, duke th\u00ebn\u00eb se ishin ata q\u00eb e shfryt\u00ebzuan si kauz\u00eb p\u00ebr destabilizim.<\/p>\n<p>\u201cTargat n\u00eb Kosov\u00eb n\u00eb shtator t\u00eb vitit 2021 p\u00ebrdoreshin edhe p\u00ebr t\u00eb k\u00ebrc\u00ebnuar Kosov\u00ebn edhe p\u00ebrmes MIG+29 dhe duke tentuar destabilizim n\u00eb veri t\u00eb vendit n\u00ebp\u00ebrmjet 16 barrikadave. Kurse n\u00eb dhjetor sivjet, po p\u00ebrdor\u00ebn p\u00ebr t\u00eb ulur preisonin nga Per\u00ebndimi demokratik, BE dhe SHBA, mbi Serbin\u00eb p\u00ebr zgjedhjet jodemokratike dhe p\u00ebr t\u00eb mbuluar refuzimin zyrtar t\u00eb Marr\u00ebveshjes Bazike q\u00eb ka b\u00ebr\u00eb letra e B\u00ebrnabiqit drejtuar K\u00ebshillit Europian m\u00eb 13 dhjetor dhe p\u00ebr t\u00eb maskuar d\u00ebshtimin e tyre n\u00eb Banjsk\u00eb. K\u00ebshtu duhet t\u00eb lexohet ky hap i Serbis\u00eb q\u00eb m\u00eb shum\u00eb se konstruktivitet dhe hap drejt normalizimit \u00ebsht\u00eb nj\u00eb manov\u00ebr e radh\u00ebs jo p\u00ebr hir t\u00eb shtetit serb, kurrsesi p\u00ebr at\u00eb t\u00eb Kosov\u00ebs, por p\u00ebr hir t\u00eb pushtetit n\u00eb Beograd\u201d, deklaroi tutje Kurti.<\/p>\n","protected":false},"excerpt":{"rendered":"<p>Kryeministri i Kosov\u00ebs, Albin Kurti, ka th\u00ebn\u00eb se Kosova do t\u00eb filloj\u00eb njohjen e targave&#8230;<\/p>\n","protected":false},"author":1,"featured_media":0,"comment_status":"open","ping_status":"open","sticky":false,"template":"","format":"standard","meta":{"om_disable_all_campaigns":false,"_monsterinsights_skip_tracking":false,"_monsterinsights_sitenote_active":false,"_monsterinsights_sitenote_note":"","_monsterinsights_sitenote_category":0,"_uf_show_specific_survey":0,"_uf_disable_surveys":false,"footnotes":""},"categories":[1],"tags":[],"class_list":["post-6807","post","type-post","status-publish","format-standard","hentry","category-uncategorized"],"aioseo_notices":[],"views":39,"_links":{"self":[{"href":"https:\/\/used82.com\/index.php?rest_route=\/wp\/v2\/posts\/6807","targetHints":{"allow":["GET"]}}],"collection":[{"href":"https:\/\/used82.com\/index.php?rest_route=\/wp\/v2\/posts"}],"about":[{"href":"https:\/\/used82.com\/index.php?rest_route=\/wp\/v2\/types\/post"}],"author":[{"embeddable":true,"href":"https:\/\/used82.com\/index.php?rest_route=\/wp\/v2\/users\/1"}],"replies":[{"embeddable":true,"href":"https:\/\/used82.com\/index.php?rest_route=%2Fwp%2Fv2%2Fcomments&post=6807"}],"version-history":[{"count":0,"href":"https:\/\/used82.com\/index.php?rest_route=\/wp\/v2\/posts\/6807\/revisions"}],"wp:attachment":[{"href":"https:\/\/used82.com\/index.php?rest_route=%2Fwp%2Fv2%2Fmedia&parent=6807"}],"wp:term":[{"taxonomy":"category","embeddable":true,"href":"https:\/\/used82.com\/index.php?rest_route=%2Fwp%2Fv2%2Fcategories&post=6807"},{"taxonomy":"post_tag","embeddable":true,"href":"https:\/\/used82.com\/index.php?rest_route=%2Fwp%2Fv2%2Ftags&post=6807"}],"curies":[{"name":"wp","href":"https:\/\/api.w.org\/{rel}","templated":true}]}}