{"id":6815,"date":"2023-12-27T13:59:18","date_gmt":"2023-12-27T13:59:18","guid":{"rendered":"https:\/\/used82.com\/?p=6815"},"modified":"2023-12-27T13:59:18","modified_gmt":"2023-12-27T13:59:18","slug":"hajdut-qeverie-e-krimit-rama-ik-berisha-dhe-protestuesit-nisen-drejt-selise-se-ps","status":"publish","type":"post","link":"https:\/\/used82.com\/?p=6815","title":{"rendered":"\u201cHajdut, qeverie e krimit! Rama ik\u201d\/ Berisha dhe protestuesit nisen drejt selis\u00eb s\u00eb PS"},"content":{"rendered":"<p>Ish-kryeministri Sali Berisha dhe mb\u00ebshtet\u00ebsit e tij e zhvendos\u00ebn protest\u00ebn nga Gjykata e Lart\u00eb drejt selis\u00eb roz\u00eb t\u00eb Partis\u00eb Socialiste.<\/p>\n<p>Berisha q\u00ebndroi p\u00ebr disa minuta para selis\u00eb s\u00eb PS, nd\u00ebrsa mb\u00ebshtet\u00ebsit e tij hidhnin thirrje kund\u00ebr qeveris\u00eb dhe kryeministrit Rama.<\/p>\n<p>\u201cHajdut, qeveri e krimit\u201d, ishin disa nga thirrjet e qytetar\u00ebve.<\/p>\n<div class=\"td-post-content tagdiv-type\">\n<p>Nd\u00ebrkoh\u00eb m\u00eb pas, protestuesit kalon para bashkis\u00eb s\u00eb Tiran\u00ebs, m\u00eb pas n\u00eb Bulevardin \u201cD\u00ebshmor\u00ebt e Kombit\u201d, p\u00ebr t\u2019iu drejtuar m\u00eb selise se PD.<\/p>\n<\/div>\n","protected":false},"excerpt":{"rendered":"<p>Ish-kryeministri Sali Berisha dhe mb\u00ebshtet\u00ebsit e tij e zhvendos\u00ebn protest\u00ebn nga Gjykata e Lart\u00eb drejt&#8230;<\/p>\n","protected":false},"author":1,"featured_media":0,"comment_status":"open","ping_status":"open","sticky":false,"template":"","format":"standard","meta":{"om_disable_all_campaigns":false,"_monsterinsights_skip_tracking":false,"_monsterinsights_sitenote_active":false,"_monsterinsights_sitenote_note":"","_monsterinsights_sitenote_category":0,"_uf_show_specific_survey":0,"_uf_disable_surveys":false,"footnotes":""},"categories":[1],"tags":[],"class_list":["post-6815","post","type-post","status-publish","format-standard","hentry","category-uncategorized"],"aioseo_notices":[],"views":29,"_links":{"self":[{"href":"https:\/\/used82.com\/index.php?rest_route=\/wp\/v2\/posts\/6815","targetHints":{"allow":["GET"]}}],"collection":[{"href":"https:\/\/used82.com\/index.php?rest_route=\/wp\/v2\/posts"}],"about":[{"href":"https:\/\/used82.com\/index.php?rest_route=\/wp\/v2\/types\/post"}],"author":[{"embeddable":true,"href":"https:\/\/used82.com\/index.php?rest_route=\/wp\/v2\/users\/1"}],"replies":[{"embeddable":true,"href":"https:\/\/used82.com\/index.php?rest_route=%2Fwp%2Fv2%2Fcomments&post=6815"}],"version-history":[{"count":0,"href":"https:\/\/used82.com\/index.php?rest_route=\/wp\/v2\/posts\/6815\/revisions"}],"wp:attachment":[{"href":"https:\/\/used82.com\/index.php?rest_route=%2Fwp%2Fv2%2Fmedia&parent=6815"}],"wp:term":[{"taxonomy":"category","embeddable":true,"href":"https:\/\/used82.com\/index.php?rest_route=%2Fwp%2Fv2%2Fcategories&post=6815"},{"taxonomy":"post_tag","embeddable":true,"href":"https:\/\/used82.com\/index.php?rest_route=%2Fwp%2Fv2%2Ftags&post=6815"}],"curies":[{"name":"wp","href":"https:\/\/api.w.org\/{rel}","templated":true}]}}