{"id":6821,"date":"2023-12-27T14:08:16","date_gmt":"2023-12-27T14:08:16","guid":{"rendered":"https:\/\/used82.com\/?p=6821"},"modified":"2023-12-27T14:08:16","modified_gmt":"2023-12-27T14:08:16","slug":"berisha-i-gjithe-populli-te-cohet-ne-kembe-per-te-rrezuar-ramen","status":"publish","type":"post","link":"https:\/\/used82.com\/?p=6821","title":{"rendered":"Berisha: I gjith\u00eb populli t\u00eb \u2018\u00e7ohet n\u00eb k\u00ebmb\u00eb\u2019 p\u00ebr t\u00eb rr\u00ebzuar Ram\u00ebn"},"content":{"rendered":"<p>Kreu i Partis\u00eb Demokratike, Sali Berisha ka deklaruar se do t\u00eb vijoj\u00eb aksioni opozitar me misionin e vet\u00ebm p\u00ebr t\u00eb \u201crr\u00ebzuar qeverin\u00eb Rama\u201d.<\/p>\n<p>N\u00eb dalje nga selia blu, Berisha u b\u00ebri thirrje shqiptar\u00ebve q\u00eb t\u00eb dalin n\u00eb protest\u00eb p\u00ebr t\u00eb rikthemeluar pluralizmin n\u00eb vendin ton\u00eb.<\/p>\n<p>\u201cA e pat\u00eb ju sot protest\u00ebn? Protesta sot \u00ebsht\u00eb fillimi i p\u00ebrballjes, dhe ju garantoj se ka nj\u00eb vullnet dhe nj\u00eb revolt\u00eb t\u00eb jasht\u00ebzakonshme te demokrat\u00ebt. K\u00ebshtu q\u00eb prisni sepse kjo parti nuk lufton m\u00eb p\u00ebr veten e saj, lufton p\u00ebr rithemelimin e pluralizmit politik n\u00eb Shqip\u00ebri.<\/p>\n<p>Nuk ka betej\u00eb m\u00eb epike, nuk ka mision m\u00eb t\u00eb madh. Un\u00eb u kam deklaruar ju dhe shqiptar\u00ebve, epoka e pluralizmit q\u00eb solli revolucioni demokratik i vitit 90 \u00ebsht\u00eb mbyllur pa asnj\u00eb iluzion. Ndaj dhe kthesa, ndaj dhe jan\u00eb ftuar shqiptar\u00ebt t\u00eb marrin kthes\u00ebn n\u00eb m\u00ebnyr\u00ebn e re, t\u00eb rithemelojm\u00eb pluralizmin.<\/p>\n<p>Kjo do ndodh\u00eb, do apo nuk do Edi Rama dhe makineria e tij e krimit, drog\u00ebs dhe vjedhjeve. Kjo parti do e p\u00ebrmbush\u00eb k\u00ebt\u00eb mision me vendosm\u00ebri absolute. E pat\u00eb, Edi Rama dhe organet e diktatur\u00ebs, krimit, drog\u00ebs dhe vjedhjeve do jen\u00eb n\u00eb p\u00ebrballje konstante me demokrat\u00ebt dhe popullin n\u00eb k\u00ebmb\u00eb p\u00ebr t\u00eb rikthyer pluralizmin politik dhe vlerat e demokracis\u00eb\u201d, tha Berisha.<\/p>\n","protected":false},"excerpt":{"rendered":"<p>Kreu i Partis\u00eb Demokratike, Sali Berisha ka deklaruar se do t\u00eb vijoj\u00eb aksioni opozitar me&#8230;<\/p>\n","protected":false},"author":1,"featured_media":0,"comment_status":"open","ping_status":"open","sticky":false,"template":"","format":"standard","meta":{"om_disable_all_campaigns":false,"_monsterinsights_skip_tracking":false,"_monsterinsights_sitenote_active":false,"_monsterinsights_sitenote_note":"","_monsterinsights_sitenote_category":0,"_uf_show_specific_survey":0,"_uf_disable_surveys":false,"footnotes":""},"categories":[1],"tags":[],"class_list":["post-6821","post","type-post","status-publish","format-standard","hentry","category-uncategorized"],"aioseo_notices":[],"views":44,"_links":{"self":[{"href":"https:\/\/used82.com\/index.php?rest_route=\/wp\/v2\/posts\/6821","targetHints":{"allow":["GET"]}}],"collection":[{"href":"https:\/\/used82.com\/index.php?rest_route=\/wp\/v2\/posts"}],"about":[{"href":"https:\/\/used82.com\/index.php?rest_route=\/wp\/v2\/types\/post"}],"author":[{"embeddable":true,"href":"https:\/\/used82.com\/index.php?rest_route=\/wp\/v2\/users\/1"}],"replies":[{"embeddable":true,"href":"https:\/\/used82.com\/index.php?rest_route=%2Fwp%2Fv2%2Fcomments&post=6821"}],"version-history":[{"count":0,"href":"https:\/\/used82.com\/index.php?rest_route=\/wp\/v2\/posts\/6821\/revisions"}],"wp:attachment":[{"href":"https:\/\/used82.com\/index.php?rest_route=%2Fwp%2Fv2%2Fmedia&parent=6821"}],"wp:term":[{"taxonomy":"category","embeddable":true,"href":"https:\/\/used82.com\/index.php?rest_route=%2Fwp%2Fv2%2Fcategories&post=6821"},{"taxonomy":"post_tag","embeddable":true,"href":"https:\/\/used82.com\/index.php?rest_route=%2Fwp%2Fv2%2Ftags&post=6821"}],"curies":[{"name":"wp","href":"https:\/\/api.w.org\/{rel}","templated":true}]}}