{"id":6823,"date":"2023-12-27T14:09:41","date_gmt":"2023-12-27T14:09:41","guid":{"rendered":"https:\/\/used82.com\/?p=6823"},"modified":"2023-12-27T14:09:41","modified_gmt":"2023-12-27T14:09:41","slug":"ndahet-nga-jeta-politikani-i-njohur-gjerman-foto","status":"publish","type":"post","link":"https:\/\/used82.com\/?p=6823","title":{"rendered":"Ndahet nga jeta politikani i njohur gjerman (FOTO)"},"content":{"rendered":"<p>\u00cbsht\u00eb ndar\u00eb nga jeta dit\u00ebn e sotme politikani gjerman Wolfgang Sch\u00e4uble. Schauble ndihmoi n\u00eb negocimin e ribashkimit t\u00eb Gjermanis\u00eb n\u00eb vitin 1990 dhe si minist\u00ebr i financave ishte nj\u00eb figur\u00eb qendrore n\u00eb p\u00ebrpjekjet shtr\u00ebnguese p\u00ebr t\u00eb t\u00ebrhequr Evrop\u00ebn.<\/p>\n<p>Sch\u00e4uble vdiq n\u00eb sht\u00ebpi t\u00eb mart\u00ebn n\u00eb mbr\u00ebmje, tha familja e tij p\u00ebr agjencin\u00eb gjermane t\u00eb lajmeve. Sch\u00e4uble u b\u00eb minist\u00ebr i financave n\u00eb qeverin\u00eb e kancelares Angela Merkel n\u00eb tetor 2009.<\/p>\n<p>Ai ishte nj\u00eb p\u00ebrkrah\u00ebs i unitetit m\u00eb t\u00eb madh evropian dhe ndihmoi n\u00eb udh\u00ebheqjen e nj\u00eb p\u00ebrpjekjeje shum\u00ebvje\u00e7are q\u00eb synonte integrimin m\u00eb t\u00eb thell\u00eb dhe nj\u00eb rregullore m\u00eb t\u00eb rrept\u00eb.<\/p>\n<p>Sch\u00e4uble i CDU ka qen\u00eb deputet i Bundestagut pa nd\u00ebrprerje q\u00eb nga viti 1972. Ky \u00ebsht\u00eb nj\u00eb rekord: n\u00eb rreth 150 vjet t\u00eb historis\u00eb komb\u00ebtare parlamentare, askush nuk e ka arritur k\u00ebt\u00eb para tij. Nj\u00eb jet\u00eb pa politik\u00eb ishte e paimagjinueshme p\u00ebr t\u00eb. I pyetur n\u00eb nj\u00eb intervist\u00eb se si ndihej q\u00eb kishte form\u00ebsuar politik\u00ebn n\u00eb Bundestag p\u00ebr rreth gjysm\u00eb shekulli, ai dikur p\u00ebrgjigjej: \u201cK\u00ebshtu mund ta shihni se sa arg\u00ebtuese mund t\u00eb jet\u00eb politika\u201d.<\/p>\n<p><img loading=\"lazy\" decoding=\"async\" class=\"alignnone size-full wp-image-1312529\" src=\"https:\/\/boldnews.al\/wp-content\/uploads\/2023\/12\/640-0-1703677340xdadfaff-418.webp\" alt=\"\" width=\"640\" height=\"360\" data-pin-no-hover=\"true\" \/><\/p>\n","protected":false},"excerpt":{"rendered":"<p>\u00cbsht\u00eb ndar\u00eb nga jeta dit\u00ebn e sotme politikani gjerman Wolfgang Sch\u00e4uble. Schauble ndihmoi n\u00eb negocimin&#8230;<\/p>\n","protected":false},"author":1,"featured_media":0,"comment_status":"open","ping_status":"open","sticky":false,"template":"","format":"standard","meta":{"om_disable_all_campaigns":false,"_monsterinsights_skip_tracking":false,"_monsterinsights_sitenote_active":false,"_monsterinsights_sitenote_note":"","_monsterinsights_sitenote_category":0,"_uf_show_specific_survey":0,"_uf_disable_surveys":false,"footnotes":""},"categories":[1],"tags":[],"class_list":["post-6823","post","type-post","status-publish","format-standard","hentry","category-uncategorized"],"aioseo_notices":[],"views":31,"_links":{"self":[{"href":"https:\/\/used82.com\/index.php?rest_route=\/wp\/v2\/posts\/6823","targetHints":{"allow":["GET"]}}],"collection":[{"href":"https:\/\/used82.com\/index.php?rest_route=\/wp\/v2\/posts"}],"about":[{"href":"https:\/\/used82.com\/index.php?rest_route=\/wp\/v2\/types\/post"}],"author":[{"embeddable":true,"href":"https:\/\/used82.com\/index.php?rest_route=\/wp\/v2\/users\/1"}],"replies":[{"embeddable":true,"href":"https:\/\/used82.com\/index.php?rest_route=%2Fwp%2Fv2%2Fcomments&post=6823"}],"version-history":[{"count":0,"href":"https:\/\/used82.com\/index.php?rest_route=\/wp\/v2\/posts\/6823\/revisions"}],"wp:attachment":[{"href":"https:\/\/used82.com\/index.php?rest_route=%2Fwp%2Fv2%2Fmedia&parent=6823"}],"wp:term":[{"taxonomy":"category","embeddable":true,"href":"https:\/\/used82.com\/index.php?rest_route=%2Fwp%2Fv2%2Fcategories&post=6823"},{"taxonomy":"post_tag","embeddable":true,"href":"https:\/\/used82.com\/index.php?rest_route=%2Fwp%2Fv2%2Ftags&post=6823"}],"curies":[{"name":"wp","href":"https:\/\/api.w.org\/{rel}","templated":true}]}}