{"id":6831,"date":"2023-12-27T18:08:06","date_gmt":"2023-12-27T18:08:06","guid":{"rendered":"https:\/\/used82.com\/?p=6831"},"modified":"2023-12-27T18:08:06","modified_gmt":"2023-12-27T18:08:06","slug":"kurti-per-protestat-e-ketij-viti-qytetaret-sjane-te-pakenaqur-opozita-eshte","status":"publish","type":"post","link":"https:\/\/used82.com\/?p=6831","title":{"rendered":"Kurti p\u00ebr protestat e k\u00ebtij viti: Qytetar\u00ebt s\u2019jan\u00eb t\u00eb pak\u00ebnaqur, opozita \u00ebsht\u00eb"},"content":{"rendered":"<p><strong>Kryeministri Albin Kurti n\u00eb konferenc\u00ebn pas mbledhjes s\u00eb qeveris\u00eb ka th\u00ebn\u00eb se gjat\u00eb vitit 2023 ka pasur fusha n\u00eb t\u00eb cilat ai do t\u00eb kishte d\u00ebshir\u00eb q\u00eb t\u00eb kishte m\u00eb shum\u00eb sukses.<\/strong><\/p>\n<p>Kurti ka vazhduar duke th\u00ebn\u00eb se asnj\u00eb pun\u00eb n\u00ebn qeverisjen e tij nuk ka shkuar n\u00eb drejtim t\u00eb gabuar.<\/p>\n<p>Ai ka folur edhe p\u00ebr protestat e mbajtura, duke th\u00ebn\u00eb se s\u2019beson q\u00eb qytetar\u00ebt jan\u00eb t\u00eb pak\u00ebnaqur, por opozita.<\/p>\n<p>\u201cNuk besoj q\u00eb qytetar\u00ebt jan\u00eb t\u00eb pak\u00ebnaqur. Opozita \u00ebsht\u00eb e pak\u00ebnaqur sepse \u00ebsht\u00eb n\u00eb opozit\u00eb. Kritikat i marrim me v\u00ebmendje sepse na ndihmojn\u00eb. Sharjet dhe sulmet na kan\u00eb ndihmuar\u201d, ka th\u00ebn\u00eb ai n\u00eb konferenc\u00eb.<\/p>\n<p>\u201cNuk jemi t\u00eb p\u00ebrsosur\u201d, \u00ebsht\u00eb p\u00ebrgjigjur Kurti n\u00eb pyetjen e gazetar\u00ebve n\u00ebse mendon se qeverisja e tij ka qen\u00eb e p\u00ebrkryer.<\/p>\n<p>Ai paraprakisht ka treguar se p\u00ebrgjat\u00eb k\u00ebtij vitit qeveria ka arritur t\u2019i mbaj\u00eb 62 mbledhje, n\u00eb t\u00eb cilat jan\u00eb marr\u00eb 564 vendime dhe kan\u00eb kaluar 78 projektligje.<\/p>\n","protected":false},"excerpt":{"rendered":"<p>Kryeministri Albin Kurti n\u00eb konferenc\u00ebn pas mbledhjes s\u00eb qeveris\u00eb ka th\u00ebn\u00eb se gjat\u00eb vitit 2023&#8230;<\/p>\n","protected":false},"author":1,"featured_media":0,"comment_status":"open","ping_status":"open","sticky":false,"template":"","format":"standard","meta":{"om_disable_all_campaigns":false,"_monsterinsights_skip_tracking":false,"_monsterinsights_sitenote_active":false,"_monsterinsights_sitenote_note":"","_monsterinsights_sitenote_category":0,"_uf_show_specific_survey":0,"_uf_disable_surveys":false,"footnotes":""},"categories":[1],"tags":[],"class_list":["post-6831","post","type-post","status-publish","format-standard","hentry","category-uncategorized"],"aioseo_notices":[],"views":53,"_links":{"self":[{"href":"https:\/\/used82.com\/index.php?rest_route=\/wp\/v2\/posts\/6831","targetHints":{"allow":["GET"]}}],"collection":[{"href":"https:\/\/used82.com\/index.php?rest_route=\/wp\/v2\/posts"}],"about":[{"href":"https:\/\/used82.com\/index.php?rest_route=\/wp\/v2\/types\/post"}],"author":[{"embeddable":true,"href":"https:\/\/used82.com\/index.php?rest_route=\/wp\/v2\/users\/1"}],"replies":[{"embeddable":true,"href":"https:\/\/used82.com\/index.php?rest_route=%2Fwp%2Fv2%2Fcomments&post=6831"}],"version-history":[{"count":0,"href":"https:\/\/used82.com\/index.php?rest_route=\/wp\/v2\/posts\/6831\/revisions"}],"wp:attachment":[{"href":"https:\/\/used82.com\/index.php?rest_route=%2Fwp%2Fv2%2Fmedia&parent=6831"}],"wp:term":[{"taxonomy":"category","embeddable":true,"href":"https:\/\/used82.com\/index.php?rest_route=%2Fwp%2Fv2%2Fcategories&post=6831"},{"taxonomy":"post_tag","embeddable":true,"href":"https:\/\/used82.com\/index.php?rest_route=%2Fwp%2Fv2%2Ftags&post=6831"}],"curies":[{"name":"wp","href":"https:\/\/api.w.org\/{rel}","templated":true}]}}