{"id":6833,"date":"2023-12-27T18:09:50","date_gmt":"2023-12-27T18:09:50","guid":{"rendered":"https:\/\/used82.com\/?p=6833"},"modified":"2023-12-27T18:09:50","modified_gmt":"2023-12-27T18:09:50","slug":"agk-ja-reagon-per-vdekjen-e-gazetarit-arton-turkaj","status":"publish","type":"post","link":"https:\/\/used82.com\/?p=6833","title":{"rendered":"AGK-ja reagon p\u00ebr vdekjen e gazetarit Arton Turkaj"},"content":{"rendered":"<p><strong>Gazetari i njohur kosovar, Arton Turkaj, ka vdekur. Lajmi u b\u00eb t\u00eb ditur t\u00eb m\u00ebrkur\u00ebn.<\/strong><\/p>\n<p>Asociacioni i Gazetar\u00ebve t\u00eb Kosov\u00ebs ka ngush\u00eblluar familjen dhe miqt\u00eb e gazetarit nj\u00ebher\u00ebsh moderatorit, Arton Turkaj.<\/p>\n<p>\u201cAsociacioni i Gazetar\u00ebve t\u00eb Kosov\u00ebs e ka pranuar me pik\u00ebllim lajmin p\u00ebr vdekjen e gazetarit nj\u00ebher\u00ebsh moderatorit, Arton Turkaj\u201d, thuhet n\u00eb njoftim.<\/p>\n<p>Turkaj vdiq pas nj\u00eb sulmi n\u00eb zem\u00ebr, b\u00ebn\u00eb t\u00eb ditur familjar\u00ebt p\u00ebr Insajderin.<\/p>\n<p><iframe loading=\"lazy\" src=\"https:\/\/www.facebook.com\/plugins\/post.php?href=https%3A%2F%2Fwww.facebook.com%2Fasociacioniigazetareve%2Fposts%2Fpfbid028XF74XWrkTNf3f4QSokbhKVuYYRtosesmPvEuMXawjb1giHk647KYd7X21tPFfNWl&amp;show_text=true&amp;width=500\" width=\"500\" height=\"679\" frameborder=\"0\" scrolling=\"no\" allowfullscreen=\"allowfullscreen\" data-mce-fragment=\"1\"><\/iframe><\/p>\n","protected":false},"excerpt":{"rendered":"<p>Gazetari i njohur kosovar, Arton Turkaj, ka vdekur. Lajmi u b\u00eb t\u00eb ditur t\u00eb m\u00ebrkur\u00ebn&#8230;.<\/p>\n","protected":false},"author":1,"featured_media":0,"comment_status":"open","ping_status":"open","sticky":false,"template":"","format":"standard","meta":{"om_disable_all_campaigns":false,"_monsterinsights_skip_tracking":false,"_monsterinsights_sitenote_active":false,"_monsterinsights_sitenote_note":"","_monsterinsights_sitenote_category":0,"_uf_show_specific_survey":0,"_uf_disable_surveys":false,"footnotes":""},"categories":[1],"tags":[],"class_list":["post-6833","post","type-post","status-publish","format-standard","hentry","category-uncategorized"],"aioseo_notices":[],"views":32,"_links":{"self":[{"href":"https:\/\/used82.com\/index.php?rest_route=\/wp\/v2\/posts\/6833","targetHints":{"allow":["GET"]}}],"collection":[{"href":"https:\/\/used82.com\/index.php?rest_route=\/wp\/v2\/posts"}],"about":[{"href":"https:\/\/used82.com\/index.php?rest_route=\/wp\/v2\/types\/post"}],"author":[{"embeddable":true,"href":"https:\/\/used82.com\/index.php?rest_route=\/wp\/v2\/users\/1"}],"replies":[{"embeddable":true,"href":"https:\/\/used82.com\/index.php?rest_route=%2Fwp%2Fv2%2Fcomments&post=6833"}],"version-history":[{"count":0,"href":"https:\/\/used82.com\/index.php?rest_route=\/wp\/v2\/posts\/6833\/revisions"}],"wp:attachment":[{"href":"https:\/\/used82.com\/index.php?rest_route=%2Fwp%2Fv2%2Fmedia&parent=6833"}],"wp:term":[{"taxonomy":"category","embeddable":true,"href":"https:\/\/used82.com\/index.php?rest_route=%2Fwp%2Fv2%2Fcategories&post=6833"},{"taxonomy":"post_tag","embeddable":true,"href":"https:\/\/used82.com\/index.php?rest_route=%2Fwp%2Fv2%2Ftags&post=6833"}],"curies":[{"name":"wp","href":"https:\/\/api.w.org\/{rel}","templated":true}]}}