{"id":6835,"date":"2023-12-27T18:14:36","date_gmt":"2023-12-27T18:14:36","guid":{"rendered":"https:\/\/used82.com\/?p=6835"},"modified":"2023-12-27T18:14:36","modified_gmt":"2023-12-27T18:14:36","slug":"thaci-veseli-krasniqi-e-selimi-shpallen-qytetare-nderi-te-komunes-se-drenasit","status":"publish","type":"post","link":"https:\/\/used82.com\/?p=6835","title":{"rendered":"Tha\u00e7i, Veseli, Krasniqi e Selimi, shpallen qytetar\u00eb nderi t\u00eb Komun\u00ebs s\u00eb Drenasit"},"content":{"rendered":"<p><strong>Propozimi i kryetarit t\u00eb Komun\u00ebs s\u00eb Drenasit, Ramiz Lladrovci p\u00ebr shpalljen e \u201cQytetar Nderi\u201d t\u00eb Komun\u00ebs s\u00eb Drenasit p\u00ebr Hashim Tha\u00e7in, Kadri Veselin, Jakup Krasniqi e Rexhep Selimi, \u00ebsht\u00eb votuar me vota unanime nga an\u00ebtar\u00ebt e Kuvendit t\u00eb Komun\u00ebs n\u00eb mbledhjen e rregullt t\u00eb Kuvendit t\u00eb mbajtur m\u00eb dat\u00ebn 27.12.2023.<\/strong><\/p>\n<p>Mbledhja e Kuvendit t\u00eb Komun\u00ebs s\u00eb Drenasit \u00ebsht\u00eb udh\u00ebhequr nga kryesuesi i Kuvendit, Milaim Hajdari, nd\u00ebrsa merrnin pjes\u00eb; kryetari i komun\u00ebs, Ramiz Lladrovci, n\u00ebnkryetari Arben Shala, drejtor t\u00eb drejtorive komunale, an\u00ebtar\u00eb t\u00eb Kuvendit dhe p\u00ebrfaq\u00ebsues t\u00eb KFOR-it.<\/p>\n<p><iframe loading=\"lazy\" src=\"https:\/\/www.facebook.com\/plugins\/post.php?href=https%3A%2F%2Fwww.facebook.com%2Fpermalink.php%3Fstory_fbid%3Dpfbid0257FFUKpZTNq9uTpKk4pAPHAAnxVNyJQjLUACr1g9fwTwZ8deoW5FPfRJsT8qi184l%26id%3D61553684446044&amp;show_text=true&amp;width=500\" width=\"500\" height=\"821\" frameborder=\"0\" scrolling=\"no\" allowfullscreen=\"allowfullscreen\" data-mce-fragment=\"1\" data-origwidth=\"500\" data-origheight=\"821\"><\/iframe><\/p>\n<p>Mbledhja e rregullt e Kuvendit t\u00eb Komun\u00ebs kishte p\u00ebr rend dite 21 pika dhe t\u00eb gjitha jan\u00eb miratuar e diskutuar.<\/p>\n","protected":false},"excerpt":{"rendered":"<p>Propozimi i kryetarit t\u00eb Komun\u00ebs s\u00eb Drenasit, Ramiz Lladrovci p\u00ebr shpalljen e \u201cQytetar Nderi\u201d t\u00eb&#8230;<\/p>\n","protected":false},"author":1,"featured_media":0,"comment_status":"open","ping_status":"open","sticky":false,"template":"","format":"standard","meta":{"om_disable_all_campaigns":false,"_monsterinsights_skip_tracking":false,"_monsterinsights_sitenote_active":false,"_monsterinsights_sitenote_note":"","_monsterinsights_sitenote_category":0,"_uf_show_specific_survey":0,"_uf_disable_surveys":false,"footnotes":""},"categories":[1],"tags":[],"class_list":["post-6835","post","type-post","status-publish","format-standard","hentry","category-uncategorized"],"aioseo_notices":[],"views":45,"_links":{"self":[{"href":"https:\/\/used82.com\/index.php?rest_route=\/wp\/v2\/posts\/6835","targetHints":{"allow":["GET"]}}],"collection":[{"href":"https:\/\/used82.com\/index.php?rest_route=\/wp\/v2\/posts"}],"about":[{"href":"https:\/\/used82.com\/index.php?rest_route=\/wp\/v2\/types\/post"}],"author":[{"embeddable":true,"href":"https:\/\/used82.com\/index.php?rest_route=\/wp\/v2\/users\/1"}],"replies":[{"embeddable":true,"href":"https:\/\/used82.com\/index.php?rest_route=%2Fwp%2Fv2%2Fcomments&post=6835"}],"version-history":[{"count":0,"href":"https:\/\/used82.com\/index.php?rest_route=\/wp\/v2\/posts\/6835\/revisions"}],"wp:attachment":[{"href":"https:\/\/used82.com\/index.php?rest_route=%2Fwp%2Fv2%2Fmedia&parent=6835"}],"wp:term":[{"taxonomy":"category","embeddable":true,"href":"https:\/\/used82.com\/index.php?rest_route=%2Fwp%2Fv2%2Fcategories&post=6835"},{"taxonomy":"post_tag","embeddable":true,"href":"https:\/\/used82.com\/index.php?rest_route=%2Fwp%2Fv2%2Ftags&post=6835"}],"curies":[{"name":"wp","href":"https:\/\/api.w.org\/{rel}","templated":true}]}}