{"id":6837,"date":"2023-12-27T18:15:49","date_gmt":"2023-12-27T18:15:49","guid":{"rendered":"https:\/\/used82.com\/?p=6837"},"modified":"2023-12-27T18:15:49","modified_gmt":"2023-12-27T18:15:49","slug":"uje-dhe-sapun-rita-ora-shfaqet-totalisht-pa-make-up-ne-nje-postim-per-ndjekesit","status":"publish","type":"post","link":"https:\/\/used82.com\/?p=6837","title":{"rendered":"\u201cUj\u00eb dhe sapun\u201d, Rita Ora shfaqet totalisht pa make up n\u00eb nj\u00eb postim p\u00ebr ndjek\u00ebsit!"},"content":{"rendered":"<article id=\"post-14702\" class=\"post-14702 post type-post status-publish format-standard has-post-thumbnail hentry category-uncategorized\">\n<div class=\"entry-content\">\n<p class=\"p1\"><span class=\"s1\">N\u00ebp\u00ebrmjet disa fotografive dhe videove q\u00eb Rita Ora ka ndar\u00eb n\u00eb Instagram, ajo tregon bukurin\u00eb natyrore dhe ndjesin\u00eb e relaksit q\u00eb ofron Zelanda e Re.<\/span><\/p>\n<p class=\"p1\"><span class=\"s1\">N\u00eb imazhet e saj, ajo shfaqet pa makijazh, duke u shfaqur e mrekullueshme dhe plot\u00ebsisht natyrale.<\/span><img loading=\"lazy\" decoding=\"async\" class=\"alignnone size-full wp-image-103085\" src=\"https:\/\/afterparty.al\/wp-content\/uploads\/IMG_5557.jpeg\" sizes=\"auto, (max-width: 1284px) 100vw, 1284px\" srcset=\"https:\/\/afterparty.al\/wp-content\/uploads\/IMG_5557.jpeg 1284w, https:\/\/afterparty.al\/wp-content\/uploads\/IMG_5557-251x300.jpeg 251w, https:\/\/afterparty.al\/wp-content\/uploads\/IMG_5557-858x1024.jpeg 858w\" alt=\"\" width=\"1284\" height=\"1532\" \/><img loading=\"lazy\" decoding=\"async\" class=\"alignnone size-full wp-image-103086\" src=\"https:\/\/afterparty.al\/wp-content\/uploads\/IMG_5558-1.jpeg\" sizes=\"auto, (max-width: 1284px) 100vw, 1284px\" srcset=\"https:\/\/afterparty.al\/wp-content\/uploads\/IMG_5558-1.jpeg 1284w, https:\/\/afterparty.al\/wp-content\/uploads\/IMG_5558-1-257x300.jpeg 257w, https:\/\/afterparty.al\/wp-content\/uploads\/IMG_5558-1-879x1024.jpeg 879w\" alt=\"\" width=\"1284\" height=\"1496\" \/><\/p>\n<\/div>\n<\/article>\n","protected":false},"excerpt":{"rendered":"<p>N\u00ebp\u00ebrmjet disa fotografive dhe videove q\u00eb Rita Ora ka ndar\u00eb n\u00eb Instagram, ajo tregon bukurin\u00eb&#8230;<\/p>\n","protected":false},"author":1,"featured_media":0,"comment_status":"open","ping_status":"open","sticky":false,"template":"","format":"standard","meta":{"om_disable_all_campaigns":false,"_monsterinsights_skip_tracking":false,"_monsterinsights_sitenote_active":false,"_monsterinsights_sitenote_note":"","_monsterinsights_sitenote_category":0,"_uf_show_specific_survey":0,"_uf_disable_surveys":false,"footnotes":""},"categories":[1],"tags":[],"class_list":["post-6837","post","type-post","status-publish","format-standard","hentry","category-uncategorized"],"aioseo_notices":[],"views":41,"_links":{"self":[{"href":"https:\/\/used82.com\/index.php?rest_route=\/wp\/v2\/posts\/6837","targetHints":{"allow":["GET"]}}],"collection":[{"href":"https:\/\/used82.com\/index.php?rest_route=\/wp\/v2\/posts"}],"about":[{"href":"https:\/\/used82.com\/index.php?rest_route=\/wp\/v2\/types\/post"}],"author":[{"embeddable":true,"href":"https:\/\/used82.com\/index.php?rest_route=\/wp\/v2\/users\/1"}],"replies":[{"embeddable":true,"href":"https:\/\/used82.com\/index.php?rest_route=%2Fwp%2Fv2%2Fcomments&post=6837"}],"version-history":[{"count":0,"href":"https:\/\/used82.com\/index.php?rest_route=\/wp\/v2\/posts\/6837\/revisions"}],"wp:attachment":[{"href":"https:\/\/used82.com\/index.php?rest_route=%2Fwp%2Fv2%2Fmedia&parent=6837"}],"wp:term":[{"taxonomy":"category","embeddable":true,"href":"https:\/\/used82.com\/index.php?rest_route=%2Fwp%2Fv2%2Fcategories&post=6837"},{"taxonomy":"post_tag","embeddable":true,"href":"https:\/\/used82.com\/index.php?rest_route=%2Fwp%2Fv2%2Ftags&post=6837"}],"curies":[{"name":"wp","href":"https:\/\/api.w.org\/{rel}","templated":true}]}}