{"id":6839,"date":"2023-12-27T18:17:31","date_gmt":"2023-12-27T18:17:31","guid":{"rendered":"https:\/\/used82.com\/?p=6839"},"modified":"2023-12-27T18:17:31","modified_gmt":"2023-12-27T18:17:31","slug":"misteri-i-vrasjes-se-donjeta-pajazitajt-prokuroria-ne-peje-proven-kryesore-e-dergon-per-ekzaminim-ne-shba","status":"publish","type":"post","link":"https:\/\/used82.com\/?p=6839","title":{"rendered":"Misteri i vrasjes s\u00eb Donjeta Pajazitajt, Prokuroria n\u00eb Pej\u00eb prov\u00ebn kryesore e d\u00ebrgon p\u00ebr ekzaminim n\u00eb SHBA"},"content":{"rendered":"<p><strong>Rasti i r\u00ebnd\u00eb i 24-vje\u00e7ares, Donjeta Pajazitaj, nga fshati Strellc i De\u00e7anit, e cila u vra n\u00eb vitin 2015, nuk ka marr\u00eb epilog ende. Familjar\u00ebt e t\u00eb ndjer\u00ebs as sot e k\u00ebsaj dite nuk kan\u00eb zgjidhur misterin e vrasjes s\u00eb vajz\u00ebs s\u00eb tyre, p\u00ebr t\u00eb cil\u00ebn fillimisht ishte akuzuar kush\u00ebriri i saj, Naser Pajazitaj, i cili u lirua nga akuza p\u00ebr vrasje t\u00eb r\u00ebnd\u00eb n\u00eb prill t\u00eb k\u00ebtij viti.<\/strong><\/p>\n<p>Z\u00ebdh\u00ebn\u00ebsi i Prokuroris\u00eb Themelore n\u00eb Pej\u00eb, Shkodran Nik\u00e7i, i tha Sinjalit t\u00eb mart\u00ebn se prova kryesore e k\u00ebsaj \u00e7\u00ebshtjeje penale tashm\u00eb \u00ebsht\u00eb d\u00ebrguar p\u00ebr ekzaminim n\u00eb Shtetet e Bashkuara t\u00eb Amerik\u00ebs.<\/p>\n<p>\u201c<em>Prov\u00ebn kryesore t\u00eb k\u00ebsaj \u00e7\u00ebshtje penale, p\u00ebrmes ambasad\u00ebs s\u00eb SHBA-s\u00eb, \u00ebsht\u00eb d\u00ebrguar p\u00ebr ekzaminim n\u00eb SHBA q\u00eb t\u00eb kryhet n\u00eb institucionin m\u00eb t\u00eb lart\u00eb ekzaminimi i k\u00ebsaj prove dhe pasi ta pranojm\u00eb raportin do t\u00eb merren edhe veprimet ligjore konform t\u00eb gjeturave t\u00eb k\u00ebtij raporti<\/em>\u201d, tha Nik\u00e7i.<\/p>\n<p>Sipas tij, kjo prov\u00eb m\u00eb par\u00eb ishte d\u00ebrguar n\u00eb shtetin e Turqis\u00eb, por q\u00eb p\u00ebr shkak t\u00eb rezultateve jo t\u00eb detajuara, jan\u00eb detyruar ta d\u00ebrgojn\u00eb n\u00eb SHBA p\u00ebr ekzaminim.<\/p>\n<p>Nik\u00e7i shprehet optimist se k\u00ebsaj here do t\u00eb ket\u00eb t\u00eb gjetura t\u00eb cilat do t\u00eb ndihmojn\u00eb n\u00eb zbardhjen e rrethanave t\u00eb rastit.<\/p>\n<p>\u201c<em>Prova m\u00eb her\u00ebt \u00ebsht\u00eb d\u00ebrguar n\u00eb Turqi por nuk kemi pranuar rezultate t\u00eb detajuara dhe \u00ebsht\u00eb dashur t\u00eb d\u00ebrgohet n\u00eb SHBA, jemi optimist se do t\u00eb ket\u00eb t\u00eb gjetura<\/em>\u201d, tha ai p\u00ebr Sinjalin.<\/p>\n<p>Kujtojm\u00eb q\u00eb Gjykata Themelore n\u00eb Pej\u00eb, fillimisht, e pati liruar Naser Pajazitaj nga aktakuza. E, pas d\u00ebrgimit t\u00eb rastit n\u00eb rigjykim, ai ishte d\u00ebnuar me burgim t\u00eb p\u00ebrjetsh\u00ebm.<\/p>\n<p>Por, pas shqyrtimit t\u00eb ankes\u00ebs nga pala mbrojt\u00ebse, Gjykata e Apelit pati marr\u00eb vendim q\u00eb ta ul\u00eb d\u00ebnimin n\u00eb 35 vjet burgim.<\/p>\n<p>Pajazitaj s\u00eb fundi \u00ebsht\u00eb liruar nga paraburgimi n\u00eb munges\u00eb t\u00eb provave m\u00eb 6 prill t\u00eb k\u00ebtij viti me vendim t\u00eb Gjykat\u00ebs Supreme.<\/p>\n<p>T\u00eb mllefosur p\u00ebr k\u00ebt\u00eb vendim t\u00eb Supremes, jan\u00eb shprehur familjar\u00ebt e Donjet\u00ebs.<\/p>\n<p>Shk\u00eblqim Pajazitaj pati reaguar n\u00eb Facebook, ku pati th\u00ebn\u00eb se drejt\u00ebsia e Kosov\u00ebs e ka v\u00ebrtetuar edhe nj\u00ebher\u00eb sa e f\u00eblliqur \u00ebsht\u00eb.<\/p>\n<p>\u201c<em>Drejt\u00ebsia e Kosov\u00ebs edhe nj\u00ebher\u00eb v\u00ebrtetoi se sa e f\u00eblliqur \u00ebsht\u00eb, edhe nj\u00eb her\u00eb v\u00ebrtetoi se nj\u00ebrzill\u00ebku nuk ekziston<\/em>\u201d, pati th\u00ebn\u00eb ai p\u00ebrmes nj\u00eb postimi n\u00eb Facebook.<\/p>\n","protected":false},"excerpt":{"rendered":"<p>Rasti i r\u00ebnd\u00eb i 24-vje\u00e7ares, Donjeta Pajazitaj, nga fshati Strellc i De\u00e7anit, e cila u&#8230;<\/p>\n","protected":false},"author":1,"featured_media":0,"comment_status":"open","ping_status":"open","sticky":false,"template":"","format":"standard","meta":{"om_disable_all_campaigns":false,"_monsterinsights_skip_tracking":false,"_monsterinsights_sitenote_active":false,"_monsterinsights_sitenote_note":"","_monsterinsights_sitenote_category":0,"_uf_show_specific_survey":0,"_uf_disable_surveys":false,"footnotes":""},"categories":[1],"tags":[],"class_list":["post-6839","post","type-post","status-publish","format-standard","hentry","category-uncategorized"],"aioseo_notices":[],"views":36,"_links":{"self":[{"href":"https:\/\/used82.com\/index.php?rest_route=\/wp\/v2\/posts\/6839","targetHints":{"allow":["GET"]}}],"collection":[{"href":"https:\/\/used82.com\/index.php?rest_route=\/wp\/v2\/posts"}],"about":[{"href":"https:\/\/used82.com\/index.php?rest_route=\/wp\/v2\/types\/post"}],"author":[{"embeddable":true,"href":"https:\/\/used82.com\/index.php?rest_route=\/wp\/v2\/users\/1"}],"replies":[{"embeddable":true,"href":"https:\/\/used82.com\/index.php?rest_route=%2Fwp%2Fv2%2Fcomments&post=6839"}],"version-history":[{"count":0,"href":"https:\/\/used82.com\/index.php?rest_route=\/wp\/v2\/posts\/6839\/revisions"}],"wp:attachment":[{"href":"https:\/\/used82.com\/index.php?rest_route=%2Fwp%2Fv2%2Fmedia&parent=6839"}],"wp:term":[{"taxonomy":"category","embeddable":true,"href":"https:\/\/used82.com\/index.php?rest_route=%2Fwp%2Fv2%2Fcategories&post=6839"},{"taxonomy":"post_tag","embeddable":true,"href":"https:\/\/used82.com\/index.php?rest_route=%2Fwp%2Fv2%2Ftags&post=6839"}],"curies":[{"name":"wp","href":"https:\/\/api.w.org\/{rel}","templated":true}]}}