{"id":6843,"date":"2023-12-28T06:13:51","date_gmt":"2023-12-28T06:13:51","guid":{"rendered":"https:\/\/used82.com\/?p=6843"},"modified":"2023-12-28T06:13:51","modified_gmt":"2023-12-28T06:13:51","slug":"vec-besnik-bislimi-eshte-i-pagabueshem-osmani-shpotite-zevendesin-e-kurtit","status":"publish","type":"post","link":"https:\/\/used82.com\/?p=6843","title":{"rendered":"\u201cVe\u00e7 Besnik Bislimi \u00ebsht\u00eb i pagabuesh\u00ebm\u201d, Osmani shpotit\u00eb z\u00ebvend\u00ebsin e Kurtit"},"content":{"rendered":"<p>Presidentja e vendit, Vjosa Osmani gjat\u00eb ndej\u00ebs s\u00eb fundvitit p\u00ebr gazetar\u00eb, ka shkaktuar t\u00eb qeshura me ngacmimin ndaj z\u00ebvend\u00ebsministrit t\u00eb kryeministrit Kurti, Besnik Bislimit.<\/p>\n<p>Osmani gjat\u00eb fjal\u00ebs s\u00eb saj, para gazetar\u00ebve, tha se as nj\u00eb nj\u00ebri nuk \u00ebsht\u00eb perfekt, dhe se t\u00eb gjith\u00eb jemi t\u00eb gabuesh\u00ebm, por shkaktoi t\u00eb qeshura, shtuar se kjo nuk vlen p\u00ebr Besnik Bislimin.<\/p>\n<p><em>\u201cT\u00eb gjith\u00eb jemi t\u00eb gabuesh\u00ebm, asnj\u00ebri nuk jemi perfekt, natyrisht kjo nuk vlen p\u00ebr Besnik Bislimin\u201d,<\/em>\u00a0tha Osmani duke qeshur, n\u00eb ndej\u00ebn e fundvitit t\u00eb organizuar\u00a0nga vet\u00eb ajo p\u00ebr ekipet e medieve\u00a0q\u00eb e kan\u00eb p\u00ebrcjell\u00eb pun\u00ebn e saj gjat\u00eb vitit 2023.<\/p>\n<p>Kujtojm\u00eb se Z\u00ebvend\u00ebsministri Besnik Bislimi, njihet n\u00eb Qeverin\u00eb Kurti, p\u00ebr gabime dhe postime banalitetesh.<\/p>\n","protected":false},"excerpt":{"rendered":"<p>Presidentja e vendit, Vjosa Osmani gjat\u00eb ndej\u00ebs s\u00eb fundvitit p\u00ebr gazetar\u00eb, ka shkaktuar t\u00eb qeshura&#8230;<\/p>\n","protected":false},"author":1,"featured_media":0,"comment_status":"open","ping_status":"open","sticky":false,"template":"","format":"standard","meta":{"om_disable_all_campaigns":false,"_monsterinsights_skip_tracking":false,"_monsterinsights_sitenote_active":false,"_monsterinsights_sitenote_note":"","_monsterinsights_sitenote_category":0,"_uf_show_specific_survey":0,"_uf_disable_surveys":false,"footnotes":""},"categories":[1],"tags":[],"class_list":["post-6843","post","type-post","status-publish","format-standard","hentry","category-uncategorized"],"aioseo_notices":[],"views":30,"_links":{"self":[{"href":"https:\/\/used82.com\/index.php?rest_route=\/wp\/v2\/posts\/6843","targetHints":{"allow":["GET"]}}],"collection":[{"href":"https:\/\/used82.com\/index.php?rest_route=\/wp\/v2\/posts"}],"about":[{"href":"https:\/\/used82.com\/index.php?rest_route=\/wp\/v2\/types\/post"}],"author":[{"embeddable":true,"href":"https:\/\/used82.com\/index.php?rest_route=\/wp\/v2\/users\/1"}],"replies":[{"embeddable":true,"href":"https:\/\/used82.com\/index.php?rest_route=%2Fwp%2Fv2%2Fcomments&post=6843"}],"version-history":[{"count":0,"href":"https:\/\/used82.com\/index.php?rest_route=\/wp\/v2\/posts\/6843\/revisions"}],"wp:attachment":[{"href":"https:\/\/used82.com\/index.php?rest_route=%2Fwp%2Fv2%2Fmedia&parent=6843"}],"wp:term":[{"taxonomy":"category","embeddable":true,"href":"https:\/\/used82.com\/index.php?rest_route=%2Fwp%2Fv2%2Fcategories&post=6843"},{"taxonomy":"post_tag","embeddable":true,"href":"https:\/\/used82.com\/index.php?rest_route=%2Fwp%2Fv2%2Ftags&post=6843"}],"curies":[{"name":"wp","href":"https:\/\/api.w.org\/{rel}","templated":true}]}}