{"id":6845,"date":"2023-12-28T06:16:09","date_gmt":"2023-12-28T06:16:09","guid":{"rendered":"https:\/\/used82.com\/?p=6845"},"modified":"2023-12-28T06:16:09","modified_gmt":"2023-12-28T06:16:09","slug":"konjufca-ka-fakte-te-bollshme-vuciqi-qendron-prapa-sulmit-ne-banjske","status":"publish","type":"post","link":"https:\/\/used82.com\/?p=6845","title":{"rendered":"Konjufca: Ka fakte t\u00eb bollshme, Vu\u00e7iqi q\u00ebndron prapa sulmit n\u00eb Banjsk\u00eb"},"content":{"rendered":"<p><strong>Kryeparlamentari Glauk Konjufca, tha se presidenti serb, Aleksandar Vu\u00e7iq, q\u00ebndron prapa sulmit t\u00eb 24 shtatorit n\u00eb Banjsk\u00eb t\u00eb Zve\u00e7anit, ku mbeti i vrar\u00eb rreshteri i Kosov\u00ebs, Afrim Bunjaku dhe u plagos\u00ebn dy pjes\u00ebtar\u00eb t\u00eb policis\u00eb.<\/strong><\/p>\n<p>Ai tha se t\u00eb gjitha faktet tregojn\u00eb se Vu\u00e7iqi ka qen\u00eb n\u00eb dijeni para se t\u00eb ndodh sulmi i 24 shtatorit.<\/p>\n<p>\u201c<em>Po ky v\u00ebrtet\u00eb q\u00eb ishte nj\u00eb vit i nd\u00ebrlikuar dhe i v\u00ebshtir\u00eb. Mbi t\u00eb gjitha p\u00ebr shkak t\u00eb relacioneve q\u00eb i kemi me Serbin\u00eb. Nj\u00eb Serbi e cila ka zgjedh q\u00eb t\u00eb jet\u00eb shum\u00eb armiq\u00ebsore ndaj Republik\u00ebs s\u00eb Kosov\u00ebs dhe e cila me \u00e7do veprim institucional edhe me \u00e7do veprim edhe jasht\u00eb-institucional na bind\u00eb q\u00eb synimin kryesor e ka q\u00eb ta mbaj\u00eb Kosov\u00ebn t\u00eb destabilizuar dhe me nj\u00eb ambicie e cila kurr\u00eb nuk i shuhet asaj<\/em>\u201d, ka th\u00ebn\u00eb Konjufca.<\/p>\n<p>Konjufca deklaroi se Serbia po p\u00ebrpiqet ta aneksoj\u00eb nj\u00eb pjes\u00eb t\u00eb territorit t\u00eb Kosov\u00ebs.<\/p>\n<p>\u201c<em>Ka fakte t\u00eb bollshme p\u00ebr p\u00ebrfshirje t\u00eb institucioneve shtet\u00ebrore t\u00eb Serbis\u00eb n\u00eb at\u00eb sulm i cili ishte edhe terrorist, por n\u00eb t\u00eb nj\u00ebjt\u00ebn koh\u00eb mund ta quajm\u00eb edhe akt t\u00eb agresionit. Meqen\u00ebse nuk ishte thjesht\u00eb nj\u00eb grup privat aty. Faktet edhe t\u00eb inteligjenc\u00ebs edhe t\u00eb institucioneve tjera t\u00eb siguris\u00eb dhe t\u00eb gjitha institucioneve shtet\u00ebrore tregojn\u00eb q\u00eb presidenti serb, Aleksandar Vu\u00e7iq, nuk mund t\u00eb mos e ket\u00eb ditur p\u00ebr k\u00ebt\u00eb sulm<\/em>\u201d, tha Konjufca n\u00eb Klan Kosova.<\/p>\n<p>Tutje, kryetai i kuvendit tha se vet\u00ebdija e Vu\u00e7iqit q\u00eb nj\u00eb sulm i till\u00eb do t\u00eb ndodh\u00eb \u00ebsht\u00eb i barabart\u00eb me organizimin e tij.<\/p>\n<p>\u201c<em>Po tash politika dhe shteti n\u00eb kuptimin e organizimit institucional funksionon k\u00ebshtu, n\u00eb momentin q\u00eb je personaliteti kryesor shtet\u00ebror edhe politik i vendit si\u00e7 ndodh me Vu\u00e7iqin n\u00eb Serbi, i cili jo vet\u00ebm q\u00eb pretendon se \u00ebsht\u00eb zgjedhur p\u00ebrmes zgjedhjeve demokratike, por edhe ka metoda dhe mekanizma jasht\u00eb-institucional se si e mban pushtetin, p\u00ebr nj\u00eb njeri t\u00eb till\u00eb i cili e kontrollon at\u00eb q\u00eb quhet shteti i thell\u00eb n\u00eb Serbi prej mekanizmave t\u00eb inteligjenc\u00ebs e deri te krejt sektori i siguris\u00eb, vet\u00ebdija q\u00eb nj\u00eb sulm i till\u00eb do t\u00eb ndodh\u00eb \u00ebsht\u00eb i barabart\u00eb me organizimin e tij<\/em>\u201c, u shpreh Konjufca.<\/p>\n","protected":false},"excerpt":{"rendered":"<p>Kryeparlamentari Glauk Konjufca, tha se presidenti serb, Aleksandar Vu\u00e7iq, q\u00ebndron prapa sulmit t\u00eb 24 shtatorit&#8230;<\/p>\n","protected":false},"author":1,"featured_media":0,"comment_status":"open","ping_status":"open","sticky":false,"template":"","format":"standard","meta":{"om_disable_all_campaigns":false,"_monsterinsights_skip_tracking":false,"_monsterinsights_sitenote_active":false,"_monsterinsights_sitenote_note":"","_monsterinsights_sitenote_category":0,"_uf_show_specific_survey":0,"_uf_disable_surveys":false,"footnotes":""},"categories":[1],"tags":[],"class_list":["post-6845","post","type-post","status-publish","format-standard","hentry","category-uncategorized"],"aioseo_notices":[],"views":43,"_links":{"self":[{"href":"https:\/\/used82.com\/index.php?rest_route=\/wp\/v2\/posts\/6845","targetHints":{"allow":["GET"]}}],"collection":[{"href":"https:\/\/used82.com\/index.php?rest_route=\/wp\/v2\/posts"}],"about":[{"href":"https:\/\/used82.com\/index.php?rest_route=\/wp\/v2\/types\/post"}],"author":[{"embeddable":true,"href":"https:\/\/used82.com\/index.php?rest_route=\/wp\/v2\/users\/1"}],"replies":[{"embeddable":true,"href":"https:\/\/used82.com\/index.php?rest_route=%2Fwp%2Fv2%2Fcomments&post=6845"}],"version-history":[{"count":0,"href":"https:\/\/used82.com\/index.php?rest_route=\/wp\/v2\/posts\/6845\/revisions"}],"wp:attachment":[{"href":"https:\/\/used82.com\/index.php?rest_route=%2Fwp%2Fv2%2Fmedia&parent=6845"}],"wp:term":[{"taxonomy":"category","embeddable":true,"href":"https:\/\/used82.com\/index.php?rest_route=%2Fwp%2Fv2%2Fcategories&post=6845"},{"taxonomy":"post_tag","embeddable":true,"href":"https:\/\/used82.com\/index.php?rest_route=%2Fwp%2Fv2%2Ftags&post=6845"}],"curies":[{"name":"wp","href":"https:\/\/api.w.org\/{rel}","templated":true}]}}