{"id":6847,"date":"2023-12-28T06:17:35","date_gmt":"2023-12-28T06:17:35","guid":{"rendered":"https:\/\/used82.com\/?p=6847"},"modified":"2023-12-28T06:17:35","modified_gmt":"2023-12-28T06:17:35","slug":"rusia-paralajmeron-serbine-nese-na-vendosni-sanksione-ktheheni-ne-skllever","status":"publish","type":"post","link":"https:\/\/used82.com\/?p=6847","title":{"rendered":"Rusia \u201cparalajm\u00ebron\u201d Serbin\u00eb: N\u00ebse na vendosni sanksione, ktheheni n\u00eb skllev\u00ebr"},"content":{"rendered":"<p><strong>N\u00eb nj\u00eb konferenc\u00eb p\u00ebr mediat, z\u00ebdh\u00ebn\u00ebsja e ministris\u00eb s\u00eb Jashtme n\u00eb Mosk\u00eb, ka d\u00ebrguar nj\u00eb paralajm\u00ebrim n\u00eb drejtim t\u00eb Serbis\u00eb.<\/strong><\/p>\n<p>Maria Zaharova e b\u00ebri t\u00eb qart\u00eb se n\u00ebse Serbia pranon t\u00eb vendos\u00eb sanksione ndaj Rusis\u00eb, do t\u00eb kthehej n\u00eb nj\u00eb shtet skllav, t\u00eb privuar nga ndihma e Mosk\u00ebs.<\/p>\n<p><em>\u201cN\u00ebse Serbia do t\u00eb kishte pranuar t\u00eb vendoste sanksione ndaj Rusis\u00eb, tani do t\u00eb ishte nj\u00eb shtet skllav, i privuar nga ndihma e dh\u00ebn\u00eb nga Rusia, p\u00ebrfshir\u00eb at\u00eb n\u00eb sektorin e energjis\u00eb. N\u00eb k\u00ebmbim, ajo do t\u00eb merrte vet\u00ebm k\u00ebrkesa t\u00eb reja nga Per\u00ebndimi, por pa asnj\u00eb ndihm\u00eb. Kjo \u00ebsht\u00eb shum\u00eb e r\u00ebnd\u00ebsishme p\u00ebr t\u2019u kuptuar. Sidomos pasi shum\u00eb t\u00eb rinj n\u00eb Serbi nuk kan\u00eb kujtime t\u00eb dhimbshme nga bombardimet e Jugosllavis\u00eb, ata nuk i mbijetuan atyre dhe nuk mund ta kuptojn\u00eb at\u00eb situat\u00eb. Ata kan\u00eb lindur n\u00eb nj\u00eb koh\u00eb tjet\u00ebr dhe mund t\u00eb m\u00ebsojn\u00eb p\u00ebr t\u00eb vet\u00ebm p\u00ebrmes librave dhe historis\u00eb\u2026 Ata duhet t\u00eb kuptojn\u00eb se Per\u00ebndimi tani po i g\u00ebnjen duke u dh\u00ebn\u00eb premtime q\u00eb nuk do t\u00eb p\u00ebrmbushen, p\u00ebrve\u00e7 k\u00ebsaj, ata b\u00ebjn\u00eb vet\u00ebm k\u00ebrkesa dhe i kthejn\u00eb n\u00eb skllev\u00ebr,\u201d\u00a0<\/em>deklaroi diplomatja ruse, raporton a2cnn.<\/p>\n<p>Po ashtu, gjat\u00eb konferenc\u00ebs p\u00ebr shtyp,\u00a0Zaharova\u00a0akuzoi per\u00ebndimin se po tenton te rr\u00ebzoj\u00eb presidentin serb Aleksander Vu\u00e7iq nga pushteti me t\u00eb nj\u00ebjtin skenar t\u00eb p\u00ebrdorur n\u00eb Ukrain\u00eb n\u00eb vitin 2014. Ajo gjithashtu\u00a0kritikoi draft-statutin evropian p\u00ebr formimin e Asociacionit n\u00eb Kosov\u00eb.<\/p>\n","protected":false},"excerpt":{"rendered":"<p>N\u00eb nj\u00eb konferenc\u00eb p\u00ebr mediat, z\u00ebdh\u00ebn\u00ebsja e ministris\u00eb s\u00eb Jashtme n\u00eb Mosk\u00eb, ka d\u00ebrguar nj\u00eb&#8230;<\/p>\n","protected":false},"author":1,"featured_media":0,"comment_status":"open","ping_status":"open","sticky":false,"template":"","format":"standard","meta":{"om_disable_all_campaigns":false,"_monsterinsights_skip_tracking":false,"_monsterinsights_sitenote_active":false,"_monsterinsights_sitenote_note":"","_monsterinsights_sitenote_category":0,"_uf_show_specific_survey":0,"_uf_disable_surveys":false,"footnotes":""},"categories":[1],"tags":[],"class_list":["post-6847","post","type-post","status-publish","format-standard","hentry","category-uncategorized"],"aioseo_notices":[],"views":41,"_links":{"self":[{"href":"https:\/\/used82.com\/index.php?rest_route=\/wp\/v2\/posts\/6847","targetHints":{"allow":["GET"]}}],"collection":[{"href":"https:\/\/used82.com\/index.php?rest_route=\/wp\/v2\/posts"}],"about":[{"href":"https:\/\/used82.com\/index.php?rest_route=\/wp\/v2\/types\/post"}],"author":[{"embeddable":true,"href":"https:\/\/used82.com\/index.php?rest_route=\/wp\/v2\/users\/1"}],"replies":[{"embeddable":true,"href":"https:\/\/used82.com\/index.php?rest_route=%2Fwp%2Fv2%2Fcomments&post=6847"}],"version-history":[{"count":0,"href":"https:\/\/used82.com\/index.php?rest_route=\/wp\/v2\/posts\/6847\/revisions"}],"wp:attachment":[{"href":"https:\/\/used82.com\/index.php?rest_route=%2Fwp%2Fv2%2Fmedia&parent=6847"}],"wp:term":[{"taxonomy":"category","embeddable":true,"href":"https:\/\/used82.com\/index.php?rest_route=%2Fwp%2Fv2%2Fcategories&post=6847"},{"taxonomy":"post_tag","embeddable":true,"href":"https:\/\/used82.com\/index.php?rest_route=%2Fwp%2Fv2%2Ftags&post=6847"}],"curies":[{"name":"wp","href":"https:\/\/api.w.org\/{rel}","templated":true}]}}