{"id":6849,"date":"2023-12-28T06:19:32","date_gmt":"2023-12-28T06:19:32","guid":{"rendered":"https:\/\/used82.com\/?p=6849"},"modified":"2023-12-28T06:19:32","modified_gmt":"2023-12-28T06:19:32","slug":"zbardhen-detaje-nga-vrasja-e-dyfishte-ne-tetove-viktimat-babe-e-bir","status":"publish","type":"post","link":"https:\/\/used82.com\/?p=6849","title":{"rendered":"Zbardhen detaje nga vrasja e dyfisht\u00eb n\u00eb Tetov\u00eb, viktimat bab\u00eb e bir"},"content":{"rendered":"<p><strong>Nj\u00eb 60-vje\u00e7ar \u00ebsht\u00eb arrestuar si i dyshuar p\u00ebr vrasjen e dy personave n\u00eb \u00c7ellopek t\u00eb B\u00ebrvenic\u00ebs, rajoni i Tetov\u00ebs.<\/strong><\/p>\n<p>Sipas informacioneve paraprake, shkak p\u00ebr vrasjen e dyfisht\u00eb ka qen\u00eb vendparkimi p\u00ebrpara sht\u00ebpis\u00eb s\u00eb autorit. Viktimat jan\u00eb bab\u00eb e bir, 52 dhe 28-vje\u00e7, nd\u00ebrkaq ka mbetur i plagosur edhe nj\u00eb person i tret\u00eb.<\/p>\n<p>Nga t\u00eb sht\u00ebnat me arm\u00eb zjarri dyshohet t\u00eb jet\u00eb plagosur edhe vet autori 60-vje\u00e7ar me inicialet I.I..<\/p>\n<p><em>\u201cP\u00ebr momentin, rruga tek lagjja q\u00eb shpie tek sht\u00ebpia ku u krye edhe vrasja, rezulton e bllokuar nd\u00ebrsa p\u00ebr hetim ka dal\u00eb si sektori i pun\u00ebve t\u00eb brendshme po ashtu edhe prokurori kujdestar i prokuroris\u00eb s\u00eb Tetov\u00ebs. Priten informata m\u00eb t\u00eb detajuara nd\u00ebrsa arsyet apo motivet e vrasjes ende qartazi nuk dihen. Sipas disa d\u00ebshmitar\u00ebve okular flitet q\u00eb arsyeja e vrasjes ka qen\u00eb bllokimi i rrug\u00ebs p\u00ebr hyrje n\u00eb sht\u00ebpi me makin\u00eb, nga kush\u00ebriri i cili dyshohet se \u00ebsht\u00eb dorasi\u201d-\u00a0<\/em>thuhet n\u00eb njoftimin e Policis\u00eb maqedonase.<\/p>\n<p>Dy t\u00eb plagosurit t\u00eb shoq\u00ebruar nga policia fillimisht u d\u00ebrguan n\u00eb spitalin klinik t\u00eb Tetov\u00ebs, por pas r\u00ebndimit t\u00eb gjendjes s\u00eb tyre sh\u00ebndet\u00ebsore u transportuan n\u00eb Shkup.<\/p>\n","protected":false},"excerpt":{"rendered":"<p>Nj\u00eb 60-vje\u00e7ar \u00ebsht\u00eb arrestuar si i dyshuar p\u00ebr vrasjen e dy personave n\u00eb \u00c7ellopek t\u00eb&#8230;<\/p>\n","protected":false},"author":1,"featured_media":0,"comment_status":"open","ping_status":"open","sticky":false,"template":"","format":"standard","meta":{"om_disable_all_campaigns":false,"_monsterinsights_skip_tracking":false,"_monsterinsights_sitenote_active":false,"_monsterinsights_sitenote_note":"","_monsterinsights_sitenote_category":0,"_uf_show_specific_survey":0,"_uf_disable_surveys":false,"footnotes":""},"categories":[1],"tags":[],"class_list":["post-6849","post","type-post","status-publish","format-standard","hentry","category-uncategorized"],"aioseo_notices":[],"views":45,"_links":{"self":[{"href":"https:\/\/used82.com\/index.php?rest_route=\/wp\/v2\/posts\/6849","targetHints":{"allow":["GET"]}}],"collection":[{"href":"https:\/\/used82.com\/index.php?rest_route=\/wp\/v2\/posts"}],"about":[{"href":"https:\/\/used82.com\/index.php?rest_route=\/wp\/v2\/types\/post"}],"author":[{"embeddable":true,"href":"https:\/\/used82.com\/index.php?rest_route=\/wp\/v2\/users\/1"}],"replies":[{"embeddable":true,"href":"https:\/\/used82.com\/index.php?rest_route=%2Fwp%2Fv2%2Fcomments&post=6849"}],"version-history":[{"count":0,"href":"https:\/\/used82.com\/index.php?rest_route=\/wp\/v2\/posts\/6849\/revisions"}],"wp:attachment":[{"href":"https:\/\/used82.com\/index.php?rest_route=%2Fwp%2Fv2%2Fmedia&parent=6849"}],"wp:term":[{"taxonomy":"category","embeddable":true,"href":"https:\/\/used82.com\/index.php?rest_route=%2Fwp%2Fv2%2Fcategories&post=6849"},{"taxonomy":"post_tag","embeddable":true,"href":"https:\/\/used82.com\/index.php?rest_route=%2Fwp%2Fv2%2Ftags&post=6849"}],"curies":[{"name":"wp","href":"https:\/\/api.w.org\/{rel}","templated":true}]}}