{"id":6851,"date":"2023-12-28T06:22:37","date_gmt":"2023-12-28T06:22:37","guid":{"rendered":"https:\/\/used82.com\/?p=6851"},"modified":"2023-12-28T06:22:37","modified_gmt":"2023-12-28T06:22:37","slug":"skenderi-minxhozi-berishen-e-kane-braktisur-shqiptaret-ka-bere-nje-figure-te-turpshme","status":"publish","type":"post","link":"https:\/\/used82.com\/?p=6851","title":{"rendered":"Sk\u00ebnderi Minxhozi: Berish\u00ebn e kan\u00eb braktisur shqiptar\u00ebt. Ka b\u00ebr\u00eb nj\u00eb figur\u00eb t\u00eb turpshme"},"content":{"rendered":"<p>N\u00eb nj\u00eb lidhje me Skype p\u00ebr \u201cSpecial Report\u201d, analisti Sk\u00ebnder Minxhozi e ka konsideruar si nj\u00eb loj\u00eb mes gjykatave, vendimin p\u00ebr vul\u00ebn e PD.<\/p>\n<p>\u201cGjykatat kan\u00eb luajtur ping pong me stem\u00ebn e Partis\u00eb Demokratike. Duhet t\u00eb kishte nj\u00eb qart\u00ebsi dhe kjo \u00ebsht\u00eb nj\u00eb nd\u00ebr arsyet q\u00eb e ka futur Partin\u00eb Demokratike n\u00eb nj\u00eb luft\u00eb dhe 8 janari e tregoi k\u00ebt\u00eb. Prandaj gjykatat duhet t\u00eb ken\u00eb nj\u00eb qart\u00ebsi p\u00ebr t\u00eb dyja pal\u00ebt\u201d. M\u00eb tej, Minxhozi deklaroi se ish-kryeministri Sali Berisha ka b\u00ebr\u00eb nj\u00eb figur\u00eb t\u00eb turpshme, pasi \u00ebsht\u00eb braktisur nga t\u00eb gjith\u00eb shqiptar\u00ebt dhe vuan nga mungesa e nj\u00eb mb\u00ebshtetje popullore.<\/p>\n<p>\u201cProblemi i siguris\u00eb s\u00eb Berish\u00ebs \u00ebsht\u00eb nj\u00eb problem logjistik p\u00ebr PD. Ai \u00ebsht\u00eb nj\u00eb figur\u00eb politike q\u00eb ka b\u00ebr\u00eb klim\u00ebn politike n\u00eb k\u00ebt\u00eb qytet. \u00cbsht\u00eb polikani m\u00eb i vjet\u00ebr i tranzicionit dhe ka b\u00ebr\u00eb nj\u00eb figur\u00eb t\u00eb turpshme.<\/p>\n<p>Ai ka nj\u00eb problem kryek\u00ebput politik. Ju e pat\u00eb sa pak njer\u00ebz ishin mbledhur rrotull Berish\u00ebs te gjykata sot. Edhe ky \u00ebsht\u00eb problemi i Berish\u00ebs. Ai \u00ebsht\u00eb m\u00ebsuar q\u00eb kjo turm\u00eb ta udh\u00ebheq\u00eb. Berish\u00ebn sot nuk e kan\u00eb braktisur politikan\u00ebt apo SHBA, por m\u00eb s\u00eb pari e kan\u00eb braktisur shqiptar\u00ebt. Ai kthen kok\u00ebn n\u00eb rrug\u00eb sot dhe kupton q\u00eb nuk ka asnj\u00eb.<\/p>\n","protected":false},"excerpt":{"rendered":"<p>N\u00eb nj\u00eb lidhje me Skype p\u00ebr \u201cSpecial Report\u201d, analisti Sk\u00ebnder Minxhozi e ka konsideruar si&#8230;<\/p>\n","protected":false},"author":1,"featured_media":0,"comment_status":"open","ping_status":"open","sticky":false,"template":"","format":"standard","meta":{"om_disable_all_campaigns":false,"_monsterinsights_skip_tracking":false,"_monsterinsights_sitenote_active":false,"_monsterinsights_sitenote_note":"","_monsterinsights_sitenote_category":0,"_uf_show_specific_survey":0,"_uf_disable_surveys":false,"footnotes":""},"categories":[1],"tags":[],"class_list":["post-6851","post","type-post","status-publish","format-standard","hentry","category-uncategorized"],"aioseo_notices":[],"views":32,"_links":{"self":[{"href":"https:\/\/used82.com\/index.php?rest_route=\/wp\/v2\/posts\/6851","targetHints":{"allow":["GET"]}}],"collection":[{"href":"https:\/\/used82.com\/index.php?rest_route=\/wp\/v2\/posts"}],"about":[{"href":"https:\/\/used82.com\/index.php?rest_route=\/wp\/v2\/types\/post"}],"author":[{"embeddable":true,"href":"https:\/\/used82.com\/index.php?rest_route=\/wp\/v2\/users\/1"}],"replies":[{"embeddable":true,"href":"https:\/\/used82.com\/index.php?rest_route=%2Fwp%2Fv2%2Fcomments&post=6851"}],"version-history":[{"count":0,"href":"https:\/\/used82.com\/index.php?rest_route=\/wp\/v2\/posts\/6851\/revisions"}],"wp:attachment":[{"href":"https:\/\/used82.com\/index.php?rest_route=%2Fwp%2Fv2%2Fmedia&parent=6851"}],"wp:term":[{"taxonomy":"category","embeddable":true,"href":"https:\/\/used82.com\/index.php?rest_route=%2Fwp%2Fv2%2Fcategories&post=6851"},{"taxonomy":"post_tag","embeddable":true,"href":"https:\/\/used82.com\/index.php?rest_route=%2Fwp%2Fv2%2Ftags&post=6851"}],"curies":[{"name":"wp","href":"https:\/\/api.w.org\/{rel}","templated":true}]}}