{"id":6853,"date":"2023-12-28T06:29:32","date_gmt":"2023-12-28T06:29:32","guid":{"rendered":"https:\/\/used82.com\/?p=6853"},"modified":"2023-12-28T06:29:32","modified_gmt":"2023-12-28T06:29:32","slug":"kishim-biznes-por-nuk-jemi-takuar-kurre-cfare-fsheh-ortaku-i-liridones-ne-suedi","status":"publish","type":"post","link":"https:\/\/used82.com\/?p=6853","title":{"rendered":"\u201cKishim biznes, por nuk jemi takuar kurr\u00eb\u201d, \u00e7far\u00eb fsheh ortaku i Liridon\u00ebs n\u00eb Suedi?"},"content":{"rendered":"<p>Liridona Ademaj Murseli, 30-vje\u00e7arja q\u00eb u vra n\u00eb Prishtin\u00eb n\u00eb nj\u00eb grabitje t\u00eb inskenuar nga bashk\u00ebshorti i saj Naim Murseli, rezulton pronare e nj\u00eb kompanie aktive pastrimi n\u00eb Suedi t\u00eb quajtur \u201cUnda\u201d me bashk\u00ebpronar Albert Jashari.<\/p>\n<div class=\"code-block code-block-1\">\n<p>Nj\u00eb kompani pastrimi e quajtur \u2018Unda St\u00e4d AB\u2019 p\u00ebr t\u00eb cil\u00ebn n\u00eb koh\u00ebn e themelimit \u00ebsht\u00eb hapur dhe nj\u00eb faqe n\u00eb Facebook me t\u00eb nj\u00ebjtin em\u00ebr ku promovon sh\u00ebrbimet. Nd\u00ebr fotot e publikuara shihet dhe Liridona me uniform\u00ebn e pun\u00ebs q\u00eb promovon sh\u00ebrbimin.<\/p>\n<p>Adresa e k\u00ebtij biznesi del n\u00eb t\u00eb nj\u00ebjtin vend ku ka qen\u00eb m\u00eb par\u00eb adresa e banimit t\u00eb Naimit dhe Liridon\u00ebs.<\/p>\n<div class=\"code-block code-block-5\">\n<p>Gazetari Spartak Koka i emisionit Uniko n\u00eb Klan Plus udh\u00ebtoi drejt Suedis\u00eb p\u00ebr t\u00eb zbuluar m\u00eb shum\u00eb informacion rreth jet\u00ebs s\u00eb \u00e7iftit n\u00eb at\u00eb shtet.<\/p>\n<p>\u201cNj\u00eb aspekt tjet\u00ebr i r\u00ebnd\u00ebsish\u00ebm p\u00ebr t\u2019u verifikuar \u00ebsht\u00eb biznesi q\u00eb ka me Albertin Jasharin t\u00eb regjistruar Liridona Ademaj. Ka nj\u00eb adres\u00eb \u201cSodra Drotingaten 30, Uddevalla\u201d. Kjo adres\u00eb na del ekzakt\u00ebsisht ku jemi ne aktualisht. Na del fiks n\u00eb t\u00eb nj\u00ebjtin vend ku kan\u00eb patur dhe banes\u00ebn. Pra biznesi me Albert Jasharin i cili \u00ebsht\u00eb ende aktiv dhe p\u00ebr t\u00eb cilin ai refuzoi t\u00eb p\u00ebrgjigjej \u00ebsht\u00eb i regjistruar n\u00eb banes\u00ebn si pjes\u00eb aktiviteti dhe seli n\u00eb banes\u00ebn ku kan\u00eb jetuar m\u00eb par\u00eb Naimi dhe Liridona\u201d, raporton gazetari Spartak Koka nga qyteti Uddevalla n\u00eb Suedi.<\/p>\n<p>Ortaku i Liridon\u00ebs: Kishim biznes, por nuk jemi takuar kurr\u00eb<\/p>\n<p>Por kush \u00ebsht\u00eb ortaku i Liridon\u00ebs n\u00eb k\u00ebt\u00eb biznes? Gazetari Spartak Koka q\u00eb udh\u00ebtoi drejt qytetit Uddevalla n\u00eb Suedi, aty ku jetonte \u00e7ifti para se t\u00eb kthehej n\u00eb Kosov\u00eb, ka m\u00ebsuar se b\u00ebhet fjal\u00eb p\u00ebr Albert Jasharin 41 vje\u00e7 .<\/p>\n<p>Ai \u00ebsht\u00eb vet\u00ebprezantuar si nj\u00eb biznesmen shqiptar nga Mitrovica dhe banues n\u00eb Suedi. Ai shprehet se \u00ebsht\u00eb dhe kryetar i rrjetit t\u00eb Bizneseve t\u00eb Diaspor\u00ebs Shqiptare n\u00eb Suedi.<\/p>\n<p>Por \u00e7far\u00eb e lidh k\u00ebt\u00eb person me Liridon\u00ebn dhe a e ka takuar ndonj\u00ebher\u00eb ai bashk\u00ebshorten e Naimit dhe n\u00eb cilat rrethanash jan\u00eb njohur? Emisioni Uniko mundi t\u2019i gjej\u00eb kontaktin dhe e telefonuam p\u00ebr t\u00eb m\u00ebsuar m\u00eb shum\u00eb rreth biznesit t\u00eb p\u00ebrbashk\u00ebt si dhe p\u00ebrse adresa e biznesit \u00ebsht\u00eb vendosur n\u00eb t\u00eb nj\u00ebjt\u00ebn adres\u00eb t\u00eb banimit t\u00eb Naimit dhe Liridon\u00ebs.<\/p>\n<p>Albert Jashari: S\u2019kam interes t\u00eb proncohem, gazetari ka keqintepretuar di\u00e7ka me kafe, por s\u2019kam t\u00eb b\u00ebj me at\u00eb pun\u00eb. Ne kemi pasur nj\u00eb firm\u00eb pastrimi t\u00eb p\u00ebrbashk\u00ebt.<\/p>\n<p>Gazetari: E keni njohur Liridon\u00ebn n\u00eb marr\u00ebdh\u00ebnie biznesi apo marr\u00ebdh\u00ebnie personale familjare?<\/p>\n<p>Albert Jashari: Jo nuk e kam njohur hi\u00e7 fare, kurr\u00eb, as personale, as private, as jo profesionale.<\/p>\n<p>Gazetari: Po si jeni b\u00ebr\u00eb ortak n\u00eb biznes?<\/p>\n<p>Albert Jashari: Nuk kam interes me k\u00ebt\u00eb pun\u00eb. Ku e more k\u00ebt\u00eb num\u00ebr, ku e sigurove?<\/p>\n<p>Gazetari: Kjo puna jon\u00eb \u00ebsht\u00eb t\u00eb sigurosh informacion.<\/p>\n<p>Albert Jashari: Hajde\u2026<\/p>\n<p>Kjo kompani pastrimi e quajtur \u2018Unda St\u00e4d AB\u2019 \u00ebsht\u00eb krijuar me dat\u00ebn 19 Janar 2021 me dy ortak\u00eb; Albert Jasharin dhe Liridona Ademaj Murselin. Por pik\u00ebpyetja pas intervist\u00ebs me Albert Jasharin \u00ebsht\u00eb si ka mundur t\u00eb b\u00ebjn\u00eb biznes bashk\u00eb kur as jan\u00eb njohur dhe as jan\u00eb takuar kurr\u00eb?<\/p>\n<p>A mos \u00ebsht\u00eb vall\u00eb Naim Murseli pas gjith\u00eb k\u00ebsaj sip\u00ebrmarrje? Cila \u00ebsht\u00eb arsyeja q\u00eb Albert Jashari nuk k\u00ebrkon t\u00eb flas\u00eb m\u00eb shum\u00eb dhe k\u00ebrkon me insistim t\u00eb m\u00ebsoj\u00eb se ku i kemi gjetur numrin?<\/p>\n<p>Biznesi i p\u00ebrbashk\u00ebt figuron zyrtarisht ende i hapur, nd\u00ebrkoh\u00eb nuk dim\u00eb as sa ka qen\u00eb investimi fillestar dhe kush ka investuar m\u00eb shum\u00eb, as ku u zhduk automjeti i loguar i k\u00ebsaj kompanie q\u00eb reklamohej p\u00ebr sh\u00ebrbimet e pastrimit si dhe logjistika e p\u00ebrdorur.<\/p>\n<p>Nj\u00eb fakt interesant tjet\u00ebr \u00ebsht\u00eb se kompania \u2018Unda Stad\u2019 reklamonte sh\u00ebrbime dhe n\u00eb Lejas Caf\u00e9. P\u00ebr k\u00ebt\u00eb arsye pyet\u00ebm pronarin e k\u00ebtij lokali Baki Shahini se \u00e7far\u00eb i lidh dy bizneset s\u00eb bashku.<\/p>\n<p>Ky i fundit tha se nuk ka asnj\u00eb lidhje me kompanin\u00eb e pastrimit.<\/p>\n<\/div>\n<\/div>\n","protected":false},"excerpt":{"rendered":"<p>Liridona Ademaj Murseli, 30-vje\u00e7arja q\u00eb u vra n\u00eb Prishtin\u00eb n\u00eb nj\u00eb grabitje t\u00eb inskenuar nga&#8230;<\/p>\n","protected":false},"author":1,"featured_media":0,"comment_status":"open","ping_status":"open","sticky":false,"template":"","format":"standard","meta":{"om_disable_all_campaigns":false,"_monsterinsights_skip_tracking":false,"_monsterinsights_sitenote_active":false,"_monsterinsights_sitenote_note":"","_monsterinsights_sitenote_category":0,"_uf_show_specific_survey":0,"_uf_disable_surveys":false,"footnotes":""},"categories":[1],"tags":[],"class_list":["post-6853","post","type-post","status-publish","format-standard","hentry","category-uncategorized"],"aioseo_notices":[],"views":28,"_links":{"self":[{"href":"https:\/\/used82.com\/index.php?rest_route=\/wp\/v2\/posts\/6853","targetHints":{"allow":["GET"]}}],"collection":[{"href":"https:\/\/used82.com\/index.php?rest_route=\/wp\/v2\/posts"}],"about":[{"href":"https:\/\/used82.com\/index.php?rest_route=\/wp\/v2\/types\/post"}],"author":[{"embeddable":true,"href":"https:\/\/used82.com\/index.php?rest_route=\/wp\/v2\/users\/1"}],"replies":[{"embeddable":true,"href":"https:\/\/used82.com\/index.php?rest_route=%2Fwp%2Fv2%2Fcomments&post=6853"}],"version-history":[{"count":0,"href":"https:\/\/used82.com\/index.php?rest_route=\/wp\/v2\/posts\/6853\/revisions"}],"wp:attachment":[{"href":"https:\/\/used82.com\/index.php?rest_route=%2Fwp%2Fv2%2Fmedia&parent=6853"}],"wp:term":[{"taxonomy":"category","embeddable":true,"href":"https:\/\/used82.com\/index.php?rest_route=%2Fwp%2Fv2%2Fcategories&post=6853"},{"taxonomy":"post_tag","embeddable":true,"href":"https:\/\/used82.com\/index.php?rest_route=%2Fwp%2Fv2%2Ftags&post=6853"}],"curies":[{"name":"wp","href":"https:\/\/api.w.org\/{rel}","templated":true}]}}