{"id":6859,"date":"2023-12-28T10:26:24","date_gmt":"2023-12-28T10:26:24","guid":{"rendered":"https:\/\/used82.com\/?p=6859"},"modified":"2023-12-28T10:26:24","modified_gmt":"2023-12-28T10:26:24","slug":"imami-ahmed-kalaja-shokon-me-postimin-skandaloz-pas-vdekjes-sa-gazetarit-arton-turkaj","status":"publish","type":"post","link":"https:\/\/used82.com\/?p=6859","title":{"rendered":"Imami Ahmed Kalaja shokon me postimin skandaloz pas vdekjes sa gazetarit Arton Turkaj"},"content":{"rendered":"<p><strong><em>Dje ka nd\u00ebrruar jet\u00eb gazetari dhe moderatori, Arton Turkaj, i cili pos tjerash ka qen\u00eb i njohur edhe p\u00ebr postimet e tij satirike n\u00eb Facebook.<\/em><\/strong><\/p>\n<p>Sipas t\u00eb af\u00ebrm\u00ebve t\u00eb tij ai ka vdekur si pasoj\u00eb e nj\u00eb infarkti kardiak.<\/p>\n<p>Por ajo q\u00eb po shokon rrjetin jan\u00eb komentet e besimtar\u00ebve p\u00ebr vdekjen e t\u00eb riut.<\/p>\n<p>Kjo pasi dy dit\u00eb para se t\u00eb nd\u00ebrronte jet\u00eb gazetari postoi nj\u00eb shaka, q\u00eb i ka revoltuar besimtar\u00ebt e \u2018devotsh\u00ebm\u2019 musliman:\u00a0<strong><em>Urime Krishtilindjet jau boft Allahu kabull.<\/em><\/strong><\/p>\n<figure class=\"wp-block-image size-full\"><img loading=\"lazy\" decoding=\"async\" class=\"wp-image-1730872\" src=\"https:\/\/insajderi.org\/wp-content\/uploads\/2023\/12\/arton.png\" alt=\"\" width=\"300\" height=\"116\" \/><\/figure>\n<p>Nj\u00eb reagim aspak t\u00eb hijsh\u00ebm lidhur me k\u00ebt\u00eb status ka b\u00ebr\u00eb edhe Imami Ahmed Kalaja i cili thot\u00eb se ky duhet t\u00eb jet\u00eb nj\u00eb m\u00ebsim p\u00ebr t\u00eb tjer\u00ebt q\u00eb t\u00eb mos b\u00ebjn\u00eb shaka me \u2018Allahun\u2019.<\/p>\n<figure class=\"wp-block-image size-full\"><img loading=\"lazy\" decoding=\"async\" class=\"wp-image-1730873\" src=\"https:\/\/insajderi.org\/wp-content\/uploads\/2023\/12\/image-68.png\" alt=\"\" width=\"300\" height=\"452\" \/><\/figure>\n","protected":false},"excerpt":{"rendered":"<p>Dje ka nd\u00ebrruar jet\u00eb gazetari dhe moderatori, Arton Turkaj, i cili pos tjerash ka qen\u00eb&#8230;<\/p>\n","protected":false},"author":1,"featured_media":0,"comment_status":"open","ping_status":"open","sticky":false,"template":"","format":"standard","meta":{"om_disable_all_campaigns":false,"_monsterinsights_skip_tracking":false,"_monsterinsights_sitenote_active":false,"_monsterinsights_sitenote_note":"","_monsterinsights_sitenote_category":0,"_uf_show_specific_survey":0,"_uf_disable_surveys":false,"footnotes":""},"categories":[1],"tags":[],"class_list":["post-6859","post","type-post","status-publish","format-standard","hentry","category-uncategorized"],"aioseo_notices":[],"views":35,"_links":{"self":[{"href":"https:\/\/used82.com\/index.php?rest_route=\/wp\/v2\/posts\/6859","targetHints":{"allow":["GET"]}}],"collection":[{"href":"https:\/\/used82.com\/index.php?rest_route=\/wp\/v2\/posts"}],"about":[{"href":"https:\/\/used82.com\/index.php?rest_route=\/wp\/v2\/types\/post"}],"author":[{"embeddable":true,"href":"https:\/\/used82.com\/index.php?rest_route=\/wp\/v2\/users\/1"}],"replies":[{"embeddable":true,"href":"https:\/\/used82.com\/index.php?rest_route=%2Fwp%2Fv2%2Fcomments&post=6859"}],"version-history":[{"count":0,"href":"https:\/\/used82.com\/index.php?rest_route=\/wp\/v2\/posts\/6859\/revisions"}],"wp:attachment":[{"href":"https:\/\/used82.com\/index.php?rest_route=%2Fwp%2Fv2%2Fmedia&parent=6859"}],"wp:term":[{"taxonomy":"category","embeddable":true,"href":"https:\/\/used82.com\/index.php?rest_route=%2Fwp%2Fv2%2Fcategories&post=6859"},{"taxonomy":"post_tag","embeddable":true,"href":"https:\/\/used82.com\/index.php?rest_route=%2Fwp%2Fv2%2Ftags&post=6859"}],"curies":[{"name":"wp","href":"https:\/\/api.w.org\/{rel}","templated":true}]}}